{"id":1606,"date":"2021-07-13T15:17:57","date_gmt":"2021-07-13T18:17:57","guid":{"rendered":"https:\/\/jupi.pe.leg.br\/v3\/?p=1606"},"modified":"2023-07-13T15:20:23","modified_gmt":"2023-07-13T18:20:23","slug":"requerimento-129-2021","status":"publish","type":"post","link":"https:\/\/jupi.pe.leg.br\/v3\/requerimento-129-2021\/","title":{"rendered":"Requerimento 129\/2021"},"content":{"rendered":"<p>Requeiro ao Exm\u00ba. Prefeito deste munic\u00edpio, Sr. Ant\u00f4nio Marcos Patriota, por interm\u00e9dio da Secretaria competente, veemente apelo, no sentido de que seja realizada a Articula\u00e7\u00e3o junto a CONAB &#8211; Companhia Nacional de Abastecimento, para a implanta\u00e7\u00e3o de uma Unidade de Armazenamento de Gr\u00e3os e outros para o Munic\u00edpio de Jupi, com o objetivo de atender os Produtores da regi\u00e3o com o Programa de Vendas em Balc\u00e3o.<\/p>\n","protected":false},"excerpt":{"rendered":"<p>Requeiro ao Exm\u00ba. Prefeito deste munic\u00edpio, Sr. Ant\u00f4nio Marcos Patriota, por interm\u00e9dio da Secretaria competente, veemente apelo, no sentido de que seja realizada a Articula\u00e7\u00e3o junto a CONAB &#8211; Companhia Nacional de Abastecimento, para a implanta\u00e7\u00e3o de uma Unidade de <a class=\"leiamais\" href=\"https:\/\/jupi.pe.leg.br\/v3\/requerimento-129-2021\/\">VER MAIS <i class=\"fa-solid fa-chevron-right\"><\/i><\/a><\/p>\n","protected":false},"author":2,"featured_media":0,"comment_status":"open","ping_status":"open","sticky":false,"template":"","format":"standard","meta":{"_acf_changed":false,"footnotes":""},"categories":[27,5],"tags":[],"class_list":["post-1606","post","type-post","status-publish","format-standard","hentry","category-ricardo","category-vereadores","active"],"acf":[],"_links":{"self":[{"href":"https:\/\/jupi.pe.leg.br\/v3\/wp-json\/wp\/v2\/posts\/1606","targetHints":{"allow":["GET"]}}],"collection":[{"href":"https:\/\/jupi.pe.leg.br\/v3\/wp-json\/wp\/v2\/posts"}],"about":[{"href":"https:\/\/jupi.pe.leg.br\/v3\/wp-json\/wp\/v2\/types\/post"}],"author":[{"embeddable":true,"href":"https:\/\/jupi.pe.leg.br\/v3\/wp-json\/wp\/v2\/users\/2"}],"replies":[{"embeddable":true,"href":"https:\/\/jupi.pe.leg.br\/v3\/wp-json\/wp\/v2\/comments?post=1606"}],"version-history":[{"count":0,"href":"https:\/\/jupi.pe.leg.br\/v3\/wp-json\/wp\/v2\/posts\/1606\/revisions"}],"wp:attachment":[{"href":"https:\/\/jupi.pe.leg.br\/v3\/wp-json\/wp\/v2\/media?parent=1606"}],"wp:term":[{"taxonomy":"category","embeddable":true,"href":"https:\/\/jupi.pe.leg.br\/v3\/wp-json\/wp\/v2\/categories?post=1606"},{"taxonomy":"post_tag","embeddable":true,"href":"https:\/\/jupi.pe.leg.br\/v3\/wp-json\/wp\/v2\/tags?post=1606"}],"curies":[{"name":"wp","href":"https:\/\/api.w.org\/{rel}","templated":true}]}}