{"id":1603,"date":"2021-07-13T15:16:42","date_gmt":"2021-07-13T18:16:42","guid":{"rendered":"https:\/\/jupi.pe.leg.br\/v3\/?p=1603"},"modified":"2023-07-13T15:17:48","modified_gmt":"2023-07-13T18:17:48","slug":"requerimento-128-2021","status":"publish","type":"post","link":"https:\/\/jupi.pe.leg.br\/v3\/requerimento-128-2021\/","title":{"rendered":"Requerimento 128\/2021"},"content":{"rendered":"<p>Requeiro ao Exm\u00ba. Prefeito deste munic\u00edpio, Sr. Ant\u00f4nio Marcos Patriota, por interm\u00e9dio da Secretaria competente, veemente apelo, no sentido de que sejam realizados os seguintes pleitos nesta cidade:<br \/>\n*Instala\u00e7\u00e3o do Po\u00e7o Artesiano j\u00e1 existente na Regi\u00e3o das Casas Populares (Projeto Minha Casa Minha Vida) e implanta\u00e7\u00e3o de um novo Chafariz ao lado do referido po\u00e7o; e,<br \/>\n*Realiza\u00e7\u00e3o do encanamento do citado po\u00e7o, para os outros dois reservat\u00f3rios de \u00e1gua j\u00e1 existentes e para o novo chafariz ora citado<\/p>\n","protected":false},"excerpt":{"rendered":"<p>Requeiro ao Exm\u00ba. Prefeito deste munic\u00edpio, Sr. Ant\u00f4nio Marcos Patriota, por interm\u00e9dio da Secretaria competente, veemente apelo, no sentido de que sejam realizados os seguintes pleitos nesta cidade: *Instala\u00e7\u00e3o do Po\u00e7o Artesiano j\u00e1 existente na Regi\u00e3o das Casas Populares (Projeto <a class=\"leiamais\" href=\"https:\/\/jupi.pe.leg.br\/v3\/requerimento-128-2021\/\">VER MAIS <i class=\"fa-solid fa-chevron-right\"><\/i><\/a><\/p>\n","protected":false},"author":2,"featured_media":0,"comment_status":"open","ping_status":"open","sticky":false,"template":"","format":"standard","meta":{"_acf_changed":false,"footnotes":""},"categories":[27,5],"tags":[],"class_list":["post-1603","post","type-post","status-publish","format-standard","hentry","category-ricardo","category-vereadores","active"],"acf":[],"_links":{"self":[{"href":"https:\/\/jupi.pe.leg.br\/v3\/wp-json\/wp\/v2\/posts\/1603","targetHints":{"allow":["GET"]}}],"collection":[{"href":"https:\/\/jupi.pe.leg.br\/v3\/wp-json\/wp\/v2\/posts"}],"about":[{"href":"https:\/\/jupi.pe.leg.br\/v3\/wp-json\/wp\/v2\/types\/post"}],"author":[{"embeddable":true,"href":"https:\/\/jupi.pe.leg.br\/v3\/wp-json\/wp\/v2\/users\/2"}],"replies":[{"embeddable":true,"href":"https:\/\/jupi.pe.leg.br\/v3\/wp-json\/wp\/v2\/comments?post=1603"}],"version-history":[{"count":0,"href":"https:\/\/jupi.pe.leg.br\/v3\/wp-json\/wp\/v2\/posts\/1603\/revisions"}],"wp:attachment":[{"href":"https:\/\/jupi.pe.leg.br\/v3\/wp-json\/wp\/v2\/media?parent=1603"}],"wp:term":[{"taxonomy":"category","embeddable":true,"href":"https:\/\/jupi.pe.leg.br\/v3\/wp-json\/wp\/v2\/categories?post=1603"},{"taxonomy":"post_tag","embeddable":true,"href":"https:\/\/jupi.pe.leg.br\/v3\/wp-json\/wp\/v2\/tags?post=1603"}],"curies":[{"name":"wp","href":"https:\/\/api.w.org\/{rel}","templated":true}]}}