{"id":1600,"date":"2021-07-13T15:15:25","date_gmt":"2021-07-13T18:15:25","guid":{"rendered":"https:\/\/jupi.pe.leg.br\/v3\/?p=1600"},"modified":"2023-07-13T15:16:34","modified_gmt":"2023-07-13T18:16:34","slug":"requerimento-121-2021","status":"publish","type":"post","link":"https:\/\/jupi.pe.leg.br\/v3\/requerimento-121-2021\/","title":{"rendered":"Requerimento 121\/2021"},"content":{"rendered":"<p>Requeiro ao Exm\u00ba. Prefeito deste munic\u00edpio, Sr. Ant\u00f4nio Marcos Patriota, por interm\u00e9dio da Secretaria competente, veemente apelo, no sentido de que seja implantado no munic\u00edpio de Jupi, um centro de coleta de sangue em parceria com a Funda\u00e7\u00e3o HEMOPE, para atender os seguintes pleitos:<br \/>\n* Viabilizar a doa\u00e7\u00e3o de sangue por parte da popula\u00e7\u00e3o do munic\u00edpio, em nossa cidade ou disponibilizar transporte uma vez por m\u00eas para conduzir os doadores ao HEMOPE, quando n\u00e3o houver funcionamento do centro de coleta;<br \/>\n* Realiza\u00e7\u00e3o de Campanhas de conscientiza\u00e7\u00e3o para motivar as pessoas a doarem sangue.<\/p>\n","protected":false},"excerpt":{"rendered":"<p>Requeiro ao Exm\u00ba. Prefeito deste munic\u00edpio, Sr. Ant\u00f4nio Marcos Patriota, por interm\u00e9dio da Secretaria competente, veemente apelo, no sentido de que seja implantado no munic\u00edpio de Jupi, um centro de coleta de sangue em parceria com a Funda\u00e7\u00e3o HEMOPE, para <a class=\"leiamais\" href=\"https:\/\/jupi.pe.leg.br\/v3\/requerimento-121-2021\/\">VER MAIS <i class=\"fa-solid fa-chevron-right\"><\/i><\/a><\/p>\n","protected":false},"author":2,"featured_media":0,"comment_status":"open","ping_status":"open","sticky":false,"template":"","format":"standard","meta":{"_acf_changed":false,"footnotes":""},"categories":[27,5],"tags":[],"class_list":["post-1600","post","type-post","status-publish","format-standard","hentry","category-ricardo","category-vereadores","active"],"acf":[],"_links":{"self":[{"href":"https:\/\/jupi.pe.leg.br\/v3\/wp-json\/wp\/v2\/posts\/1600","targetHints":{"allow":["GET"]}}],"collection":[{"href":"https:\/\/jupi.pe.leg.br\/v3\/wp-json\/wp\/v2\/posts"}],"about":[{"href":"https:\/\/jupi.pe.leg.br\/v3\/wp-json\/wp\/v2\/types\/post"}],"author":[{"embeddable":true,"href":"https:\/\/jupi.pe.leg.br\/v3\/wp-json\/wp\/v2\/users\/2"}],"replies":[{"embeddable":true,"href":"https:\/\/jupi.pe.leg.br\/v3\/wp-json\/wp\/v2\/comments?post=1600"}],"version-history":[{"count":0,"href":"https:\/\/jupi.pe.leg.br\/v3\/wp-json\/wp\/v2\/posts\/1600\/revisions"}],"wp:attachment":[{"href":"https:\/\/jupi.pe.leg.br\/v3\/wp-json\/wp\/v2\/media?parent=1600"}],"wp:term":[{"taxonomy":"category","embeddable":true,"href":"https:\/\/jupi.pe.leg.br\/v3\/wp-json\/wp\/v2\/categories?post=1600"},{"taxonomy":"post_tag","embeddable":true,"href":"https:\/\/jupi.pe.leg.br\/v3\/wp-json\/wp\/v2\/tags?post=1600"}],"curies":[{"name":"wp","href":"https:\/\/api.w.org\/{rel}","templated":true}]}}