{"id":1594,"date":"2021-07-13T15:13:03","date_gmt":"2021-07-13T18:13:03","guid":{"rendered":"https:\/\/jupi.pe.leg.br\/v3\/?p=1594"},"modified":"2023-07-13T15:14:05","modified_gmt":"2023-07-13T18:14:05","slug":"requerimento112-2021","status":"publish","type":"post","link":"https:\/\/jupi.pe.leg.br\/v3\/requerimento112-2021\/","title":{"rendered":"Requerimento112\/2021"},"content":{"rendered":"<p>Requeiro ao Exm\u00ba. Prefeito deste munic\u00edpio, Sr. Ant\u00f4nio Marcos Patriota, por interm\u00e9dio da Secretaria competente, veemente apelo, no sentido de que seja implantada uma sementeira de arvores nativas e ex\u00f3ticas, a f\u00edm de realizar produ\u00e7\u00e3o de mudas para arboriza\u00e7\u00e3o de pra\u00e7as, cal\u00e7adas urbanas e de povoados rurais, bem como atender com a distribui\u00e7\u00e3o para a sociedade vindo suprir a arboriza\u00e7\u00e3o de reservas legais e \u00e1reas de preserva\u00e7\u00e3o permanente em propriedades rurais como disp\u00f5e a Lei Federal 12.651, de 25 de maio de 2012.<\/p>\n","protected":false},"excerpt":{"rendered":"<p>Requeiro ao Exm\u00ba. Prefeito deste munic\u00edpio, Sr. Ant\u00f4nio Marcos Patriota, por interm\u00e9dio da Secretaria competente, veemente apelo, no sentido de que seja implantada uma sementeira de arvores nativas e ex\u00f3ticas, a f\u00edm de realizar produ\u00e7\u00e3o de mudas para arboriza\u00e7\u00e3o de <a class=\"leiamais\" href=\"https:\/\/jupi.pe.leg.br\/v3\/requerimento112-2021\/\">VER MAIS <i class=\"fa-solid fa-chevron-right\"><\/i><\/a><\/p>\n","protected":false},"author":2,"featured_media":0,"comment_status":"open","ping_status":"open","sticky":false,"template":"","format":"standard","meta":{"_acf_changed":false,"footnotes":""},"categories":[27,5],"tags":[],"class_list":["post-1594","post","type-post","status-publish","format-standard","hentry","category-ricardo","category-vereadores","active"],"acf":[],"_links":{"self":[{"href":"https:\/\/jupi.pe.leg.br\/v3\/wp-json\/wp\/v2\/posts\/1594","targetHints":{"allow":["GET"]}}],"collection":[{"href":"https:\/\/jupi.pe.leg.br\/v3\/wp-json\/wp\/v2\/posts"}],"about":[{"href":"https:\/\/jupi.pe.leg.br\/v3\/wp-json\/wp\/v2\/types\/post"}],"author":[{"embeddable":true,"href":"https:\/\/jupi.pe.leg.br\/v3\/wp-json\/wp\/v2\/users\/2"}],"replies":[{"embeddable":true,"href":"https:\/\/jupi.pe.leg.br\/v3\/wp-json\/wp\/v2\/comments?post=1594"}],"version-history":[{"count":0,"href":"https:\/\/jupi.pe.leg.br\/v3\/wp-json\/wp\/v2\/posts\/1594\/revisions"}],"wp:attachment":[{"href":"https:\/\/jupi.pe.leg.br\/v3\/wp-json\/wp\/v2\/media?parent=1594"}],"wp:term":[{"taxonomy":"category","embeddable":true,"href":"https:\/\/jupi.pe.leg.br\/v3\/wp-json\/wp\/v2\/categories?post=1594"},{"taxonomy":"post_tag","embeddable":true,"href":"https:\/\/jupi.pe.leg.br\/v3\/wp-json\/wp\/v2\/tags?post=1594"}],"curies":[{"name":"wp","href":"https:\/\/api.w.org\/{rel}","templated":true}]}}