{"id":1579,"date":"2021-07-13T15:06:40","date_gmt":"2021-07-13T18:06:40","guid":{"rendered":"https:\/\/jupi.pe.leg.br\/v3\/?p=1579"},"modified":"2023-07-13T15:07:32","modified_gmt":"2023-07-13T18:07:32","slug":"requerimento-092-2021","status":"publish","type":"post","link":"https:\/\/jupi.pe.leg.br\/v3\/requerimento-092-2021\/","title":{"rendered":"Requerimento 092\/2021"},"content":{"rendered":"<p>Requeiro ao Exm\u00ba. Prefeito deste munic\u00edpio, Sr. Ant\u00f4nio Marcos Patriota, por interm\u00e9dio da Secretaria competente, veemente apelo, no sentido de realizar o saneamento, cal\u00e7amento ou pavimenta\u00e7\u00e3o asf\u00e1lt\u00edca das seguintes ruas:<br \/>\n&#8211; Rua Jo\u00e3o de Souza Barros;<br \/>\n&#8211; Rua Alzira Moreira de Lima;<br \/>\n&#8211; Rua Projetada (Sal\u00e3o Paroquial);<br \/>\n&#8211; Travessa Ant\u00f4nio Marcelino da Rocha;<br \/>\n&#8211; Travessa Projetada 2 (Rua Ant\u00f4nio Marcolino da Rocha);<br \/>\n&#8211; Complementa\u00e7\u00e3o da Rua Jos\u00e9 Bezerra Espindola; E demais ruas do Loteamento Jo\u00e3o de Barros.<\/p>\n","protected":false},"excerpt":{"rendered":"<p>Requeiro ao Exm\u00ba. Prefeito deste munic\u00edpio, Sr. Ant\u00f4nio Marcos Patriota, por interm\u00e9dio da Secretaria competente, veemente apelo, no sentido de realizar o saneamento, cal\u00e7amento ou pavimenta\u00e7\u00e3o asf\u00e1lt\u00edca das seguintes ruas: &#8211; Rua Jo\u00e3o de Souza Barros; &#8211; Rua Alzira Moreira <a class=\"leiamais\" href=\"https:\/\/jupi.pe.leg.br\/v3\/requerimento-092-2021\/\">VER MAIS <i class=\"fa-solid fa-chevron-right\"><\/i><\/a><\/p>\n","protected":false},"author":2,"featured_media":0,"comment_status":"open","ping_status":"open","sticky":false,"template":"","format":"standard","meta":{"_acf_changed":false,"footnotes":""},"categories":[27,5],"tags":[],"class_list":["post-1579","post","type-post","status-publish","format-standard","hentry","category-ricardo","category-vereadores","active"],"acf":[],"_links":{"self":[{"href":"https:\/\/jupi.pe.leg.br\/v3\/wp-json\/wp\/v2\/posts\/1579","targetHints":{"allow":["GET"]}}],"collection":[{"href":"https:\/\/jupi.pe.leg.br\/v3\/wp-json\/wp\/v2\/posts"}],"about":[{"href":"https:\/\/jupi.pe.leg.br\/v3\/wp-json\/wp\/v2\/types\/post"}],"author":[{"embeddable":true,"href":"https:\/\/jupi.pe.leg.br\/v3\/wp-json\/wp\/v2\/users\/2"}],"replies":[{"embeddable":true,"href":"https:\/\/jupi.pe.leg.br\/v3\/wp-json\/wp\/v2\/comments?post=1579"}],"version-history":[{"count":0,"href":"https:\/\/jupi.pe.leg.br\/v3\/wp-json\/wp\/v2\/posts\/1579\/revisions"}],"wp:attachment":[{"href":"https:\/\/jupi.pe.leg.br\/v3\/wp-json\/wp\/v2\/media?parent=1579"}],"wp:term":[{"taxonomy":"category","embeddable":true,"href":"https:\/\/jupi.pe.leg.br\/v3\/wp-json\/wp\/v2\/categories?post=1579"},{"taxonomy":"post_tag","embeddable":true,"href":"https:\/\/jupi.pe.leg.br\/v3\/wp-json\/wp\/v2\/tags?post=1579"}],"curies":[{"name":"wp","href":"https:\/\/api.w.org\/{rel}","templated":true}]}}