{"id":1540,"date":"2021-07-13T14:51:55","date_gmt":"2021-07-13T17:51:55","guid":{"rendered":"https:\/\/jupi.pe.leg.br\/v3\/?p=1540"},"modified":"2023-07-13T14:52:43","modified_gmt":"2023-07-13T17:52:43","slug":"requerimento-037-2021","status":"publish","type":"post","link":"https:\/\/jupi.pe.leg.br\/v3\/requerimento-037-2021\/","title":{"rendered":"Requerimento 037\/2021"},"content":{"rendered":"<p>Requeiro ao Sr. Prefeito deste munic\u00edpio atrav\u00e9s da Secretaria competente, empenho no sentido de tornar o pr\u00e9dio do mercado p\u00fablico municipal ap\u00f3s reforma, um centro administrativo compondo todas as secretarias, diretorias, coordena\u00e7\u00f5es ou demais departamentos que encontram\u00adse em pr\u00e9dio alugados, vindo a ser alocados nesse espa\u00e7o, visando assim uma diminui\u00e7\u00e3o de custos com alugueis e centralizando diversos servi\u00e7os naquele local.<\/p>\n","protected":false},"excerpt":{"rendered":"<p>Requeiro ao Sr. Prefeito deste munic\u00edpio atrav\u00e9s da Secretaria competente, empenho no sentido de tornar o pr\u00e9dio do mercado p\u00fablico municipal ap\u00f3s reforma, um centro administrativo compondo todas as secretarias, diretorias, coordena\u00e7\u00f5es ou demais departamentos que encontram\u00adse em pr\u00e9dio alugados, <a class=\"leiamais\" href=\"https:\/\/jupi.pe.leg.br\/v3\/requerimento-037-2021\/\">VER MAIS <i class=\"fa-solid fa-chevron-right\"><\/i><\/a><\/p>\n","protected":false},"author":2,"featured_media":0,"comment_status":"open","ping_status":"open","sticky":false,"template":"","format":"standard","meta":{"_acf_changed":false,"footnotes":""},"categories":[27,5],"tags":[],"class_list":["post-1540","post","type-post","status-publish","format-standard","hentry","category-ricardo","category-vereadores","active"],"acf":[],"_links":{"self":[{"href":"https:\/\/jupi.pe.leg.br\/v3\/wp-json\/wp\/v2\/posts\/1540","targetHints":{"allow":["GET"]}}],"collection":[{"href":"https:\/\/jupi.pe.leg.br\/v3\/wp-json\/wp\/v2\/posts"}],"about":[{"href":"https:\/\/jupi.pe.leg.br\/v3\/wp-json\/wp\/v2\/types\/post"}],"author":[{"embeddable":true,"href":"https:\/\/jupi.pe.leg.br\/v3\/wp-json\/wp\/v2\/users\/2"}],"replies":[{"embeddable":true,"href":"https:\/\/jupi.pe.leg.br\/v3\/wp-json\/wp\/v2\/comments?post=1540"}],"version-history":[{"count":0,"href":"https:\/\/jupi.pe.leg.br\/v3\/wp-json\/wp\/v2\/posts\/1540\/revisions"}],"wp:attachment":[{"href":"https:\/\/jupi.pe.leg.br\/v3\/wp-json\/wp\/v2\/media?parent=1540"}],"wp:term":[{"taxonomy":"category","embeddable":true,"href":"https:\/\/jupi.pe.leg.br\/v3\/wp-json\/wp\/v2\/categories?post=1540"},{"taxonomy":"post_tag","embeddable":true,"href":"https:\/\/jupi.pe.leg.br\/v3\/wp-json\/wp\/v2\/tags?post=1540"}],"curies":[{"name":"wp","href":"https:\/\/api.w.org\/{rel}","templated":true}]}}