{"id":1527,"date":"2021-07-13T14:46:57","date_gmt":"2021-07-13T17:46:57","guid":{"rendered":"https:\/\/jupi.pe.leg.br\/v3\/?p=1527"},"modified":"2023-07-13T14:47:52","modified_gmt":"2023-07-13T17:47:52","slug":"requerimento-015-2021","status":"publish","type":"post","link":"https:\/\/jupi.pe.leg.br\/v3\/requerimento-015-2021\/","title":{"rendered":"Requerimento 015\/2021"},"content":{"rendered":"<p>Requeiro ao Sr. Prefeito deste munic\u00edpio atrav\u00e9s da Secretaria competente, empenho no sentido de iniciar em car\u00e1ter de urg\u00eancia as manuten\u00e7\u00f5es das estradas da zona rural de Jupi, buscando criar um planejamento anual de a\u00e7\u00f5es com um calend\u00e1rio para que a sociedade possa ter ci\u00eancia dos per\u00edodos de atua\u00e7\u00e3o de recupera\u00e7\u00e3o das estradas.<\/p>\n","protected":false},"excerpt":{"rendered":"<p>Requeiro ao Sr. Prefeito deste munic\u00edpio atrav\u00e9s da Secretaria competente, empenho no sentido de iniciar em car\u00e1ter de urg\u00eancia as manuten\u00e7\u00f5es das estradas da zona rural de Jupi, buscando criar um planejamento anual de a\u00e7\u00f5es com um calend\u00e1rio para que <a class=\"leiamais\" href=\"https:\/\/jupi.pe.leg.br\/v3\/requerimento-015-2021\/\">VER MAIS <i class=\"fa-solid fa-chevron-right\"><\/i><\/a><\/p>\n","protected":false},"author":2,"featured_media":0,"comment_status":"open","ping_status":"open","sticky":false,"template":"","format":"standard","meta":{"_acf_changed":false,"footnotes":""},"categories":[27,5],"tags":[],"class_list":["post-1527","post","type-post","status-publish","format-standard","hentry","category-ricardo","category-vereadores","active"],"acf":[],"_links":{"self":[{"href":"https:\/\/jupi.pe.leg.br\/v3\/wp-json\/wp\/v2\/posts\/1527","targetHints":{"allow":["GET"]}}],"collection":[{"href":"https:\/\/jupi.pe.leg.br\/v3\/wp-json\/wp\/v2\/posts"}],"about":[{"href":"https:\/\/jupi.pe.leg.br\/v3\/wp-json\/wp\/v2\/types\/post"}],"author":[{"embeddable":true,"href":"https:\/\/jupi.pe.leg.br\/v3\/wp-json\/wp\/v2\/users\/2"}],"replies":[{"embeddable":true,"href":"https:\/\/jupi.pe.leg.br\/v3\/wp-json\/wp\/v2\/comments?post=1527"}],"version-history":[{"count":0,"href":"https:\/\/jupi.pe.leg.br\/v3\/wp-json\/wp\/v2\/posts\/1527\/revisions"}],"wp:attachment":[{"href":"https:\/\/jupi.pe.leg.br\/v3\/wp-json\/wp\/v2\/media?parent=1527"}],"wp:term":[{"taxonomy":"category","embeddable":true,"href":"https:\/\/jupi.pe.leg.br\/v3\/wp-json\/wp\/v2\/categories?post=1527"},{"taxonomy":"post_tag","embeddable":true,"href":"https:\/\/jupi.pe.leg.br\/v3\/wp-json\/wp\/v2\/tags?post=1527"}],"curies":[{"name":"wp","href":"https:\/\/api.w.org\/{rel}","templated":true}]}}