{"id":1524,"date":"2021-07-13T14:45:29","date_gmt":"2021-07-13T17:45:29","guid":{"rendered":"https:\/\/jupi.pe.leg.br\/v3\/?p=1524"},"modified":"2023-07-13T14:46:49","modified_gmt":"2023-07-13T17:46:49","slug":"requerimento-006-2021","status":"publish","type":"post","link":"https:\/\/jupi.pe.leg.br\/v3\/requerimento-006-2021\/","title":{"rendered":"Requerimento 006\/2021"},"content":{"rendered":"<p>Requeiro ao Sr. Prefeito deste munic\u00edpio atrav\u00e9s da Secretaria competente, empenho no sentido que seja criado um Plano Municipal de Seguran\u00e7a P\u00fablica afim de ouvir a sociedade e construir de forma conjunta solu\u00e7\u00f5es para os problemas de inseguran\u00e7a que o Munic\u00edpio vem passando.<\/p>\n","protected":false},"excerpt":{"rendered":"<p>Requeiro ao Sr. Prefeito deste munic\u00edpio atrav\u00e9s da Secretaria competente, empenho no sentido que seja criado um Plano Municipal de Seguran\u00e7a P\u00fablica afim de ouvir a sociedade e construir de forma conjunta solu\u00e7\u00f5es para os problemas de inseguran\u00e7a que o <a class=\"leiamais\" href=\"https:\/\/jupi.pe.leg.br\/v3\/requerimento-006-2021\/\">VER MAIS <i class=\"fa-solid fa-chevron-right\"><\/i><\/a><\/p>\n","protected":false},"author":2,"featured_media":0,"comment_status":"open","ping_status":"open","sticky":false,"template":"","format":"standard","meta":{"_acf_changed":false,"footnotes":""},"categories":[27,5],"tags":[],"class_list":["post-1524","post","type-post","status-publish","format-standard","hentry","category-ricardo","category-vereadores","active"],"acf":[],"_links":{"self":[{"href":"https:\/\/jupi.pe.leg.br\/v3\/wp-json\/wp\/v2\/posts\/1524","targetHints":{"allow":["GET"]}}],"collection":[{"href":"https:\/\/jupi.pe.leg.br\/v3\/wp-json\/wp\/v2\/posts"}],"about":[{"href":"https:\/\/jupi.pe.leg.br\/v3\/wp-json\/wp\/v2\/types\/post"}],"author":[{"embeddable":true,"href":"https:\/\/jupi.pe.leg.br\/v3\/wp-json\/wp\/v2\/users\/2"}],"replies":[{"embeddable":true,"href":"https:\/\/jupi.pe.leg.br\/v3\/wp-json\/wp\/v2\/comments?post=1524"}],"version-history":[{"count":0,"href":"https:\/\/jupi.pe.leg.br\/v3\/wp-json\/wp\/v2\/posts\/1524\/revisions"}],"wp:attachment":[{"href":"https:\/\/jupi.pe.leg.br\/v3\/wp-json\/wp\/v2\/media?parent=1524"}],"wp:term":[{"taxonomy":"category","embeddable":true,"href":"https:\/\/jupi.pe.leg.br\/v3\/wp-json\/wp\/v2\/categories?post=1524"},{"taxonomy":"post_tag","embeddable":true,"href":"https:\/\/jupi.pe.leg.br\/v3\/wp-json\/wp\/v2\/tags?post=1524"}],"curies":[{"name":"wp","href":"https:\/\/api.w.org\/{rel}","templated":true}]}}