{"id":1521,"date":"2021-07-13T14:43:07","date_gmt":"2021-07-13T17:43:07","guid":{"rendered":"https:\/\/jupi.pe.leg.br\/v3\/?p=1521"},"modified":"2023-07-13T14:44:59","modified_gmt":"2023-07-13T17:44:59","slug":"requerimento-005-2021","status":"publish","type":"post","link":"https:\/\/jupi.pe.leg.br\/v3\/requerimento-005-2021\/","title":{"rendered":"Requerimento 005\/2021"},"content":{"rendered":"<p>Requeiro ao Sr. Prefeito deste munic\u00edpio atrav\u00e9s da Secretaria competente, empenho no sentido que seja realizada a divulga\u00e7\u00e3o de listas conforme grupos e subgrupos priorit\u00e1rios de vacina\u00e7\u00e3o de Imuniza\u00e7\u00e3o do Covid-19, al\u00e9m de apresenta\u00e7\u00e3o detalhada de todo planejamento da campanha de vacina\u00e7\u00e3o.<\/p>\n","protected":false},"excerpt":{"rendered":"<p>Requeiro ao Sr. Prefeito deste munic\u00edpio atrav\u00e9s da Secretaria competente, empenho no sentido que seja realizada a divulga\u00e7\u00e3o de listas conforme grupos e subgrupos priorit\u00e1rios de vacina\u00e7\u00e3o de Imuniza\u00e7\u00e3o do Covid-19, al\u00e9m de apresenta\u00e7\u00e3o detalhada de todo planejamento da campanha <a class=\"leiamais\" href=\"https:\/\/jupi.pe.leg.br\/v3\/requerimento-005-2021\/\">VER MAIS <i class=\"fa-solid fa-chevron-right\"><\/i><\/a><\/p>\n","protected":false},"author":2,"featured_media":0,"comment_status":"open","ping_status":"open","sticky":false,"template":"","format":"standard","meta":{"_acf_changed":false,"footnotes":""},"categories":[27,5],"tags":[],"class_list":["post-1521","post","type-post","status-publish","format-standard","hentry","category-ricardo","category-vereadores","active"],"acf":[],"_links":{"self":[{"href":"https:\/\/jupi.pe.leg.br\/v3\/wp-json\/wp\/v2\/posts\/1521","targetHints":{"allow":["GET"]}}],"collection":[{"href":"https:\/\/jupi.pe.leg.br\/v3\/wp-json\/wp\/v2\/posts"}],"about":[{"href":"https:\/\/jupi.pe.leg.br\/v3\/wp-json\/wp\/v2\/types\/post"}],"author":[{"embeddable":true,"href":"https:\/\/jupi.pe.leg.br\/v3\/wp-json\/wp\/v2\/users\/2"}],"replies":[{"embeddable":true,"href":"https:\/\/jupi.pe.leg.br\/v3\/wp-json\/wp\/v2\/comments?post=1521"}],"version-history":[{"count":0,"href":"https:\/\/jupi.pe.leg.br\/v3\/wp-json\/wp\/v2\/posts\/1521\/revisions"}],"wp:attachment":[{"href":"https:\/\/jupi.pe.leg.br\/v3\/wp-json\/wp\/v2\/media?parent=1521"}],"wp:term":[{"taxonomy":"category","embeddable":true,"href":"https:\/\/jupi.pe.leg.br\/v3\/wp-json\/wp\/v2\/categories?post=1521"},{"taxonomy":"post_tag","embeddable":true,"href":"https:\/\/jupi.pe.leg.br\/v3\/wp-json\/wp\/v2\/tags?post=1521"}],"curies":[{"name":"wp","href":"https:\/\/api.w.org\/{rel}","templated":true}]}}