{"id":1513,"date":"2021-07-12T18:30:05","date_gmt":"2021-07-12T21:30:05","guid":{"rendered":"https:\/\/jupi.pe.leg.br\/v3\/?p=1513"},"modified":"2023-07-12T18:31:18","modified_gmt":"2023-07-12T21:31:18","slug":"requerimento-136-2021","status":"publish","type":"post","link":"https:\/\/jupi.pe.leg.br\/v3\/requerimento-136-2021\/","title":{"rendered":"Requerimento 136\/2021"},"content":{"rendered":"<p>Requeiro ao Senhor Prefeito deste munic\u00edpio Sr. Ant\u00f4nio Marcos Patriota. por interm\u00e9dio da secretaria competente, empenho no sentido de que sejam constru\u00eddo um espa\u00e7o adequado para realiza\u00e7\u00e3o de vel\u00f3rio em nossa cidade.<\/p>\n<p>&nbsp;<\/p>\n","protected":false},"excerpt":{"rendered":"<p>Requeiro ao Senhor Prefeito deste munic\u00edpio Sr. Ant\u00f4nio Marcos Patriota. por interm\u00e9dio da secretaria competente, empenho no sentido de que sejam constru\u00eddo um espa\u00e7o adequado para realiza\u00e7\u00e3o de vel\u00f3rio em nossa cidade. &nbsp;<\/p>\n","protected":false},"author":2,"featured_media":0,"comment_status":"open","ping_status":"open","sticky":false,"template":"","format":"standard","meta":{"_acf_changed":false,"footnotes":""},"categories":[22,5],"tags":[],"class_list":["post-1513","post","type-post","status-publish","format-standard","hentry","category-ver_dielson","category-vereadores","active"],"acf":[],"_links":{"self":[{"href":"https:\/\/jupi.pe.leg.br\/v3\/wp-json\/wp\/v2\/posts\/1513","targetHints":{"allow":["GET"]}}],"collection":[{"href":"https:\/\/jupi.pe.leg.br\/v3\/wp-json\/wp\/v2\/posts"}],"about":[{"href":"https:\/\/jupi.pe.leg.br\/v3\/wp-json\/wp\/v2\/types\/post"}],"author":[{"embeddable":true,"href":"https:\/\/jupi.pe.leg.br\/v3\/wp-json\/wp\/v2\/users\/2"}],"replies":[{"embeddable":true,"href":"https:\/\/jupi.pe.leg.br\/v3\/wp-json\/wp\/v2\/comments?post=1513"}],"version-history":[{"count":0,"href":"https:\/\/jupi.pe.leg.br\/v3\/wp-json\/wp\/v2\/posts\/1513\/revisions"}],"wp:attachment":[{"href":"https:\/\/jupi.pe.leg.br\/v3\/wp-json\/wp\/v2\/media?parent=1513"}],"wp:term":[{"taxonomy":"category","embeddable":true,"href":"https:\/\/jupi.pe.leg.br\/v3\/wp-json\/wp\/v2\/categories?post=1513"},{"taxonomy":"post_tag","embeddable":true,"href":"https:\/\/jupi.pe.leg.br\/v3\/wp-json\/wp\/v2\/tags?post=1513"}],"curies":[{"name":"wp","href":"https:\/\/api.w.org\/{rel}","templated":true}]}}