{"id":1510,"date":"2021-07-12T18:28:14","date_gmt":"2021-07-12T21:28:14","guid":{"rendered":"https:\/\/jupi.pe.leg.br\/v3\/?p=1510"},"modified":"2023-07-12T18:29:42","modified_gmt":"2023-07-12T21:29:42","slug":"requerimento-049-2021","status":"publish","type":"post","link":"https:\/\/jupi.pe.leg.br\/v3\/requerimento-049-2021\/","title":{"rendered":"Requerimento 049\/2021"},"content":{"rendered":"<p>Requeiro ao Senhor Prefeito deste munic\u00edpio Sr. Ant\u00f4nio Marcos Patriota, por interm\u00e9dio da secretaria competente, empenho no sentido de que sejam complementados e\/ou realizados os saneamentos e as pavimenta\u00e7\u00f5es asf\u00e1lticas ou cal\u00e7amentos das seguintes ruas desta cidade:<br \/>\nTenente Pedro Lins, Pedro Victor de Sales, Rua Projetada paralela com a Pedro Victor de Sales, Cec\u00edlia Lopes dos Santos, Maria Bernadete Ara\u00fajo da Silva, Quit\u00e9ria Dantas de Oliveira, Jos\u00e9 Mario Teixeira Lima, Joaquim Alves da Silva, Jo\u00e3o Proc\u00f3pio da Silva e Jos\u00e9 Cavalcante de Albuquerque.<\/p>\n","protected":false},"excerpt":{"rendered":"<p>Requeiro ao Senhor Prefeito deste munic\u00edpio Sr. Ant\u00f4nio Marcos Patriota, por interm\u00e9dio da secretaria competente, empenho no sentido de que sejam complementados e\/ou realizados os saneamentos e as pavimenta\u00e7\u00f5es asf\u00e1lticas ou cal\u00e7amentos das seguintes ruas desta cidade: Tenente Pedro Lins, <a class=\"leiamais\" href=\"https:\/\/jupi.pe.leg.br\/v3\/requerimento-049-2021\/\">VER MAIS <i class=\"fa-solid fa-chevron-right\"><\/i><\/a><\/p>\n","protected":false},"author":2,"featured_media":0,"comment_status":"open","ping_status":"open","sticky":false,"template":"","format":"standard","meta":{"_acf_changed":false,"footnotes":""},"categories":[22,5],"tags":[],"class_list":["post-1510","post","type-post","status-publish","format-standard","hentry","category-ver_dielson","category-vereadores","active"],"acf":[],"_links":{"self":[{"href":"https:\/\/jupi.pe.leg.br\/v3\/wp-json\/wp\/v2\/posts\/1510","targetHints":{"allow":["GET"]}}],"collection":[{"href":"https:\/\/jupi.pe.leg.br\/v3\/wp-json\/wp\/v2\/posts"}],"about":[{"href":"https:\/\/jupi.pe.leg.br\/v3\/wp-json\/wp\/v2\/types\/post"}],"author":[{"embeddable":true,"href":"https:\/\/jupi.pe.leg.br\/v3\/wp-json\/wp\/v2\/users\/2"}],"replies":[{"embeddable":true,"href":"https:\/\/jupi.pe.leg.br\/v3\/wp-json\/wp\/v2\/comments?post=1510"}],"version-history":[{"count":0,"href":"https:\/\/jupi.pe.leg.br\/v3\/wp-json\/wp\/v2\/posts\/1510\/revisions"}],"wp:attachment":[{"href":"https:\/\/jupi.pe.leg.br\/v3\/wp-json\/wp\/v2\/media?parent=1510"}],"wp:term":[{"taxonomy":"category","embeddable":true,"href":"https:\/\/jupi.pe.leg.br\/v3\/wp-json\/wp\/v2\/categories?post=1510"},{"taxonomy":"post_tag","embeddable":true,"href":"https:\/\/jupi.pe.leg.br\/v3\/wp-json\/wp\/v2\/tags?post=1510"}],"curies":[{"name":"wp","href":"https:\/\/api.w.org\/{rel}","templated":true}]}}