{"id":1507,"date":"2021-07-12T18:24:51","date_gmt":"2021-07-12T21:24:51","guid":{"rendered":"https:\/\/jupi.pe.leg.br\/v3\/?p=1507"},"modified":"2023-07-12T18:27:41","modified_gmt":"2023-07-12T21:27:41","slug":"requerimento-027-2021","status":"publish","type":"post","link":"https:\/\/jupi.pe.leg.br\/v3\/requerimento-027-2021\/","title":{"rendered":"Requerimento 027\/2021"},"content":{"rendered":"<p>Requeiro ao Exm\u00ba. Prefeito deste munic\u00edpio Sr. Ant\u00f4nio Marcos Patriota, por interm\u00e9dio da secretaria competente, veemente apelo no sentido de que sejam realizadas as seguintes obras nas Ruas do Projeto &#8220;Minha Casa, Minha Vida&#8221;, desta cidade:<br \/>\n&#8211; Complementa\u00e7\u00e3o do Saneamento B\u00e1sico;<br \/>\n&#8211; Implanta\u00e7\u00e3o da Pavimenta\u00e7\u00e3o Asf\u00e1ltica ou Cal\u00e7amento;<br \/>\n&#8211; Constru\u00e7\u00e3o uma Lavanderia Comunit\u00e1ria.<\/p>\n","protected":false},"excerpt":{"rendered":"<p>Requeiro ao Exm\u00ba. Prefeito deste munic\u00edpio Sr. Ant\u00f4nio Marcos Patriota, por interm\u00e9dio da secretaria competente, veemente apelo no sentido de que sejam realizadas as seguintes obras nas Ruas do Projeto &#8220;Minha Casa, Minha Vida&#8221;, desta cidade: &#8211; Complementa\u00e7\u00e3o do Saneamento <a class=\"leiamais\" href=\"https:\/\/jupi.pe.leg.br\/v3\/requerimento-027-2021\/\">VER MAIS <i class=\"fa-solid fa-chevron-right\"><\/i><\/a><\/p>\n","protected":false},"author":2,"featured_media":0,"comment_status":"open","ping_status":"open","sticky":false,"template":"","format":"standard","meta":{"_acf_changed":false,"footnotes":""},"categories":[22,5],"tags":[],"class_list":["post-1507","post","type-post","status-publish","format-standard","hentry","category-ver_dielson","category-vereadores","active"],"acf":[],"_links":{"self":[{"href":"https:\/\/jupi.pe.leg.br\/v3\/wp-json\/wp\/v2\/posts\/1507","targetHints":{"allow":["GET"]}}],"collection":[{"href":"https:\/\/jupi.pe.leg.br\/v3\/wp-json\/wp\/v2\/posts"}],"about":[{"href":"https:\/\/jupi.pe.leg.br\/v3\/wp-json\/wp\/v2\/types\/post"}],"author":[{"embeddable":true,"href":"https:\/\/jupi.pe.leg.br\/v3\/wp-json\/wp\/v2\/users\/2"}],"replies":[{"embeddable":true,"href":"https:\/\/jupi.pe.leg.br\/v3\/wp-json\/wp\/v2\/comments?post=1507"}],"version-history":[{"count":0,"href":"https:\/\/jupi.pe.leg.br\/v3\/wp-json\/wp\/v2\/posts\/1507\/revisions"}],"wp:attachment":[{"href":"https:\/\/jupi.pe.leg.br\/v3\/wp-json\/wp\/v2\/media?parent=1507"}],"wp:term":[{"taxonomy":"category","embeddable":true,"href":"https:\/\/jupi.pe.leg.br\/v3\/wp-json\/wp\/v2\/categories?post=1507"},{"taxonomy":"post_tag","embeddable":true,"href":"https:\/\/jupi.pe.leg.br\/v3\/wp-json\/wp\/v2\/tags?post=1507"}],"curies":[{"name":"wp","href":"https:\/\/api.w.org\/{rel}","templated":true}]}}