{"id":1502,"date":"2021-07-12T18:14:44","date_gmt":"2021-07-12T21:14:44","guid":{"rendered":"https:\/\/jupi.pe.leg.br\/v3\/?p=1502"},"modified":"2023-07-12T18:15:44","modified_gmt":"2023-07-12T21:15:44","slug":"requerimento-181-2021","status":"publish","type":"post","link":"https:\/\/jupi.pe.leg.br\/v3\/requerimento-181-2021\/","title":{"rendered":"Requerimento 181\/2021"},"content":{"rendered":"<p>Requeiro ao Exm\u00ba. Prefeito deste munic\u00edpio, Sr. Antonio Marcos Patriota, por interm\u00e9dio da Secretaria competente, veemente apelo no sentido de que seja atendido o seguinte pleito:<br \/>\n&#8211; Fixa\u00e7\u00e3o de um piso\/teto salarial para os profissionais efetivos do N\u00edvel T\u00e9cnico deste munic\u00edpio, abaixo mencionados, baseado no valor real correspondente \u00e0 quantidade de sal\u00e1rios m\u00ednimos da \u00e9poca, conforme mencionado no concurso p\u00fablico ao qual se submeteram, contemplando: Assistente Social, Nutricionista, Enfermeiro(as), T\u00e9cnico(as) de Enfermagem, M\u00e9dicos, Farmac\u00eautico, Bioqu\u00edmico, Psic\u00f3logos, Fisioterapeutas.<br \/>\n&#8211; Estenda-se o presente pleito aos demais servidores da mesma qualifica\u00e7\u00e3o, contratados por excepcional interesse p\u00fablico.<\/p>\n","protected":false},"excerpt":{"rendered":"<p>Requeiro ao Exm\u00ba. Prefeito deste munic\u00edpio, Sr. Antonio Marcos Patriota, por interm\u00e9dio da Secretaria competente, veemente apelo no sentido de que seja atendido o seguinte pleito: &#8211; Fixa\u00e7\u00e3o de um piso\/teto salarial para os profissionais efetivos do N\u00edvel T\u00e9cnico deste <a class=\"leiamais\" href=\"https:\/\/jupi.pe.leg.br\/v3\/requerimento-181-2021\/\">VER MAIS <i class=\"fa-solid fa-chevron-right\"><\/i><\/a><\/p>\n","protected":false},"author":2,"featured_media":0,"comment_status":"open","ping_status":"open","sticky":false,"template":"","format":"standard","meta":{"_acf_changed":false,"footnotes":""},"categories":[23,5],"tags":[],"class_list":["post-1502","post","type-post","status-publish","format-standard","hentry","category-ver_antoniodacolonia","category-vereadores","active"],"acf":[],"_links":{"self":[{"href":"https:\/\/jupi.pe.leg.br\/v3\/wp-json\/wp\/v2\/posts\/1502","targetHints":{"allow":["GET"]}}],"collection":[{"href":"https:\/\/jupi.pe.leg.br\/v3\/wp-json\/wp\/v2\/posts"}],"about":[{"href":"https:\/\/jupi.pe.leg.br\/v3\/wp-json\/wp\/v2\/types\/post"}],"author":[{"embeddable":true,"href":"https:\/\/jupi.pe.leg.br\/v3\/wp-json\/wp\/v2\/users\/2"}],"replies":[{"embeddable":true,"href":"https:\/\/jupi.pe.leg.br\/v3\/wp-json\/wp\/v2\/comments?post=1502"}],"version-history":[{"count":0,"href":"https:\/\/jupi.pe.leg.br\/v3\/wp-json\/wp\/v2\/posts\/1502\/revisions"}],"wp:attachment":[{"href":"https:\/\/jupi.pe.leg.br\/v3\/wp-json\/wp\/v2\/media?parent=1502"}],"wp:term":[{"taxonomy":"category","embeddable":true,"href":"https:\/\/jupi.pe.leg.br\/v3\/wp-json\/wp\/v2\/categories?post=1502"},{"taxonomy":"post_tag","embeddable":true,"href":"https:\/\/jupi.pe.leg.br\/v3\/wp-json\/wp\/v2\/tags?post=1502"}],"curies":[{"name":"wp","href":"https:\/\/api.w.org\/{rel}","templated":true}]}}