{"id":1478,"date":"2021-07-12T18:01:40","date_gmt":"2021-07-12T21:01:40","guid":{"rendered":"https:\/\/jupi.pe.leg.br\/v3\/?p=1478"},"modified":"2023-07-12T18:02:36","modified_gmt":"2023-07-12T21:02:36","slug":"requerimento-108-2021","status":"publish","type":"post","link":"https:\/\/jupi.pe.leg.br\/v3\/requerimento-108-2021\/","title":{"rendered":"Requerimento 108\/2021"},"content":{"rendered":"<p>Requeiro ao Exm\u00ba. Prefeito deste munic\u00edpio, Sr. Antonio Marcos Patriota, por interm\u00e9dio da Secretaria Municipal de Infraestrutura e Servi\u00e7os Urbanos, veemente apelo no sentido de que sejam atendidos os seguintes pleitos na estrada da &#8220;Col\u00f4nia de Baixo&#8221;, no S\u00edtio Col\u00f4nia deste munic\u00edpio:<br \/>\n&#8211; Constru\u00e7\u00e3o de uma Passagem Molhada no trecho da divisa do terreno do Sr. Agnaldo Jos\u00e9 da Silva (Bai\u00e3o) ao a\u00e7ude da propriedade do Sr. Jaelson Jos\u00e9 dos Santos;<br \/>\n&#8211; Constru\u00e7\u00e3o de uma bueira com extens\u00e3o compat\u00edvel ao riacho localizado pr\u00f3ximo \u00e0 resid\u00eancia do Sr. Jos\u00e9 Ferreira da Silva (Zezinho da Col\u00f4nia).<\/p>\n","protected":false},"excerpt":{"rendered":"<p>Requeiro ao Exm\u00ba. Prefeito deste munic\u00edpio, Sr. Antonio Marcos Patriota, por interm\u00e9dio da Secretaria Municipal de Infraestrutura e Servi\u00e7os Urbanos, veemente apelo no sentido de que sejam atendidos os seguintes pleitos na estrada da &#8220;Col\u00f4nia de Baixo&#8221;, no S\u00edtio Col\u00f4nia <a class=\"leiamais\" href=\"https:\/\/jupi.pe.leg.br\/v3\/requerimento-108-2021\/\">VER MAIS <i class=\"fa-solid fa-chevron-right\"><\/i><\/a><\/p>\n","protected":false},"author":2,"featured_media":0,"comment_status":"open","ping_status":"open","sticky":false,"template":"","format":"standard","meta":{"_acf_changed":false,"footnotes":""},"categories":[23,5],"tags":[],"class_list":["post-1478","post","type-post","status-publish","format-standard","hentry","category-ver_antoniodacolonia","category-vereadores","active"],"acf":[],"_links":{"self":[{"href":"https:\/\/jupi.pe.leg.br\/v3\/wp-json\/wp\/v2\/posts\/1478","targetHints":{"allow":["GET"]}}],"collection":[{"href":"https:\/\/jupi.pe.leg.br\/v3\/wp-json\/wp\/v2\/posts"}],"about":[{"href":"https:\/\/jupi.pe.leg.br\/v3\/wp-json\/wp\/v2\/types\/post"}],"author":[{"embeddable":true,"href":"https:\/\/jupi.pe.leg.br\/v3\/wp-json\/wp\/v2\/users\/2"}],"replies":[{"embeddable":true,"href":"https:\/\/jupi.pe.leg.br\/v3\/wp-json\/wp\/v2\/comments?post=1478"}],"version-history":[{"count":0,"href":"https:\/\/jupi.pe.leg.br\/v3\/wp-json\/wp\/v2\/posts\/1478\/revisions"}],"wp:attachment":[{"href":"https:\/\/jupi.pe.leg.br\/v3\/wp-json\/wp\/v2\/media?parent=1478"}],"wp:term":[{"taxonomy":"category","embeddable":true,"href":"https:\/\/jupi.pe.leg.br\/v3\/wp-json\/wp\/v2\/categories?post=1478"},{"taxonomy":"post_tag","embeddable":true,"href":"https:\/\/jupi.pe.leg.br\/v3\/wp-json\/wp\/v2\/tags?post=1478"}],"curies":[{"name":"wp","href":"https:\/\/api.w.org\/{rel}","templated":true}]}}