{"id":1475,"date":"2021-07-12T17:59:20","date_gmt":"2021-07-12T20:59:20","guid":{"rendered":"https:\/\/jupi.pe.leg.br\/v3\/?p=1475"},"modified":"2023-07-12T18:00:22","modified_gmt":"2023-07-12T21:00:22","slug":"requerimento-107-2021","status":"publish","type":"post","link":"https:\/\/jupi.pe.leg.br\/v3\/requerimento-107-2021\/","title":{"rendered":"Requerimento 107\/2021"},"content":{"rendered":"<p>Requeiro ao Exm\u00ba. Prefeito deste munic\u00edpio, Sr. Antonio Marcos Patriota, por interm\u00e9dio da Secretaria competente, deste munic\u00edpio, veemente apelo no sentido de atender os pleitos direcionados ao a\u00e7ude situado no Povoado Col\u00f4nia deste Munic\u00edpio:<br \/>\n&#8211; Constru\u00e7\u00e3o de cerca com arame farpado em volta do reservat\u00f3rio;<br \/>\n&#8211; Reativa\u00e7\u00e3o e deslocamento do chafariz existente para o pared\u00e3o;<br \/>\n&#8211; Coloca\u00e7\u00e3o de placas com proibi\u00e7\u00e3o de atos que afetem \u00e0 preserva\u00e7\u00e3o, a exemplos de: banhos de pessoas e animais, perman\u00eancia de animais pastando, lavagem de carros e motos e pesca fora de \u00e9poca;<br \/>\n&#8211; Contrata\u00e7\u00e3o de um funcion\u00e1rio para administrar e proceder aos devidos cuidados de conserva\u00e7\u00e3o e arboriza\u00e7\u00e3o em toda a sua \u00e1rea de extens\u00e3o.<\/p>\n","protected":false},"excerpt":{"rendered":"<p>Requeiro ao Exm\u00ba. Prefeito deste munic\u00edpio, Sr. Antonio Marcos Patriota, por interm\u00e9dio da Secretaria competente, deste munic\u00edpio, veemente apelo no sentido de atender os pleitos direcionados ao a\u00e7ude situado no Povoado Col\u00f4nia deste Munic\u00edpio: &#8211; Constru\u00e7\u00e3o de cerca com arame <a class=\"leiamais\" href=\"https:\/\/jupi.pe.leg.br\/v3\/requerimento-107-2021\/\">VER MAIS <i class=\"fa-solid fa-chevron-right\"><\/i><\/a><\/p>\n","protected":false},"author":2,"featured_media":0,"comment_status":"open","ping_status":"open","sticky":false,"template":"","format":"standard","meta":{"_acf_changed":false,"footnotes":""},"categories":[23,5],"tags":[],"class_list":["post-1475","post","type-post","status-publish","format-standard","hentry","category-ver_antoniodacolonia","category-vereadores","active"],"acf":[],"_links":{"self":[{"href":"https:\/\/jupi.pe.leg.br\/v3\/wp-json\/wp\/v2\/posts\/1475","targetHints":{"allow":["GET"]}}],"collection":[{"href":"https:\/\/jupi.pe.leg.br\/v3\/wp-json\/wp\/v2\/posts"}],"about":[{"href":"https:\/\/jupi.pe.leg.br\/v3\/wp-json\/wp\/v2\/types\/post"}],"author":[{"embeddable":true,"href":"https:\/\/jupi.pe.leg.br\/v3\/wp-json\/wp\/v2\/users\/2"}],"replies":[{"embeddable":true,"href":"https:\/\/jupi.pe.leg.br\/v3\/wp-json\/wp\/v2\/comments?post=1475"}],"version-history":[{"count":0,"href":"https:\/\/jupi.pe.leg.br\/v3\/wp-json\/wp\/v2\/posts\/1475\/revisions"}],"wp:attachment":[{"href":"https:\/\/jupi.pe.leg.br\/v3\/wp-json\/wp\/v2\/media?parent=1475"}],"wp:term":[{"taxonomy":"category","embeddable":true,"href":"https:\/\/jupi.pe.leg.br\/v3\/wp-json\/wp\/v2\/categories?post=1475"},{"taxonomy":"post_tag","embeddable":true,"href":"https:\/\/jupi.pe.leg.br\/v3\/wp-json\/wp\/v2\/tags?post=1475"}],"curies":[{"name":"wp","href":"https:\/\/api.w.org\/{rel}","templated":true}]}}