{"id":1472,"date":"2021-07-12T17:57:02","date_gmt":"2021-07-12T20:57:02","guid":{"rendered":"https:\/\/jupi.pe.leg.br\/v3\/?p=1472"},"modified":"2023-07-12T17:58:09","modified_gmt":"2023-07-12T20:58:09","slug":"requerimento-102-2021","status":"publish","type":"post","link":"https:\/\/jupi.pe.leg.br\/v3\/requerimento-102-2021\/","title":{"rendered":"Requerimento 102\/2021"},"content":{"rendered":"<p>Requeiro ao Exm\u00ba Prefeito deste munic\u00edpio, Sr. Antonio Marcos Patriota, por interm\u00e9dio da Secretaria competente, veemente apelo no sentido de que sejam realizadas as obras de Constru\u00e7\u00e3o de Bueiras com estruturas compat\u00edveis \u00e0 extens\u00e3o do riacho nos seguintes locais, deste munic\u00edpio:<br \/>\n&#8211; Pr\u00f3ximo \u00e0 resid\u00eancia do Sr. Val\u00eancio Manoel de Siqueira no S\u00edtio Boi Morto;<br \/>\n&#8211; Pr\u00f3ximo \u00e0 barragem seguindo ao campo de futebol do S\u00edtio Mulungu.<\/p>\n","protected":false},"excerpt":{"rendered":"<p>Requeiro ao Exm\u00ba Prefeito deste munic\u00edpio, Sr. Antonio Marcos Patriota, por interm\u00e9dio da Secretaria competente, veemente apelo no sentido de que sejam realizadas as obras de Constru\u00e7\u00e3o de Bueiras com estruturas compat\u00edveis \u00e0 extens\u00e3o do riacho nos seguintes locais, deste <a class=\"leiamais\" href=\"https:\/\/jupi.pe.leg.br\/v3\/requerimento-102-2021\/\">VER MAIS <i class=\"fa-solid fa-chevron-right\"><\/i><\/a><\/p>\n","protected":false},"author":2,"featured_media":0,"comment_status":"open","ping_status":"open","sticky":false,"template":"","format":"standard","meta":{"_acf_changed":false,"footnotes":""},"categories":[23,5],"tags":[],"class_list":["post-1472","post","type-post","status-publish","format-standard","hentry","category-ver_antoniodacolonia","category-vereadores","active"],"acf":[],"_links":{"self":[{"href":"https:\/\/jupi.pe.leg.br\/v3\/wp-json\/wp\/v2\/posts\/1472","targetHints":{"allow":["GET"]}}],"collection":[{"href":"https:\/\/jupi.pe.leg.br\/v3\/wp-json\/wp\/v2\/posts"}],"about":[{"href":"https:\/\/jupi.pe.leg.br\/v3\/wp-json\/wp\/v2\/types\/post"}],"author":[{"embeddable":true,"href":"https:\/\/jupi.pe.leg.br\/v3\/wp-json\/wp\/v2\/users\/2"}],"replies":[{"embeddable":true,"href":"https:\/\/jupi.pe.leg.br\/v3\/wp-json\/wp\/v2\/comments?post=1472"}],"version-history":[{"count":0,"href":"https:\/\/jupi.pe.leg.br\/v3\/wp-json\/wp\/v2\/posts\/1472\/revisions"}],"wp:attachment":[{"href":"https:\/\/jupi.pe.leg.br\/v3\/wp-json\/wp\/v2\/media?parent=1472"}],"wp:term":[{"taxonomy":"category","embeddable":true,"href":"https:\/\/jupi.pe.leg.br\/v3\/wp-json\/wp\/v2\/categories?post=1472"},{"taxonomy":"post_tag","embeddable":true,"href":"https:\/\/jupi.pe.leg.br\/v3\/wp-json\/wp\/v2\/tags?post=1472"}],"curies":[{"name":"wp","href":"https:\/\/api.w.org\/{rel}","templated":true}]}}