{"id":1460,"date":"2021-07-12T17:49:26","date_gmt":"2021-07-12T20:49:26","guid":{"rendered":"https:\/\/jupi.pe.leg.br\/v3\/?p=1460"},"modified":"2023-07-12T17:50:21","modified_gmt":"2023-07-12T20:50:21","slug":"requerimento-081-2021","status":"publish","type":"post","link":"https:\/\/jupi.pe.leg.br\/v3\/requerimento-081-2021\/","title":{"rendered":"Requerimento 081\/2021"},"content":{"rendered":"<p>Requeiro ao Exm\u00ba Prefeito deste munic\u00edpio, Sr. Antonio Marcos Patriota, por interm\u00e9dio da Secretaria de Sa\u00fade deste munic\u00edpio, veemente apelo no sentido de atender ao seguinte pleito:<br \/>\nImplanta\u00e7\u00e3o do Plano de Cargos e Carreiras dos Servidores do Sistema de Sa\u00fade deste munic\u00edpio.<\/p>\n","protected":false},"excerpt":{"rendered":"<p>Requeiro ao Exm\u00ba Prefeito deste munic\u00edpio, Sr. Antonio Marcos Patriota, por interm\u00e9dio da Secretaria de Sa\u00fade deste munic\u00edpio, veemente apelo no sentido de atender ao seguinte pleito: Implanta\u00e7\u00e3o do Plano de Cargos e Carreiras dos Servidores do Sistema de Sa\u00fade <a class=\"leiamais\" href=\"https:\/\/jupi.pe.leg.br\/v3\/requerimento-081-2021\/\">VER MAIS <i class=\"fa-solid fa-chevron-right\"><\/i><\/a><\/p>\n","protected":false},"author":2,"featured_media":0,"comment_status":"open","ping_status":"open","sticky":false,"template":"","format":"standard","meta":{"_acf_changed":false,"footnotes":""},"categories":[23,5],"tags":[],"class_list":["post-1460","post","type-post","status-publish","format-standard","hentry","category-ver_antoniodacolonia","category-vereadores","active"],"acf":[],"_links":{"self":[{"href":"https:\/\/jupi.pe.leg.br\/v3\/wp-json\/wp\/v2\/posts\/1460","targetHints":{"allow":["GET"]}}],"collection":[{"href":"https:\/\/jupi.pe.leg.br\/v3\/wp-json\/wp\/v2\/posts"}],"about":[{"href":"https:\/\/jupi.pe.leg.br\/v3\/wp-json\/wp\/v2\/types\/post"}],"author":[{"embeddable":true,"href":"https:\/\/jupi.pe.leg.br\/v3\/wp-json\/wp\/v2\/users\/2"}],"replies":[{"embeddable":true,"href":"https:\/\/jupi.pe.leg.br\/v3\/wp-json\/wp\/v2\/comments?post=1460"}],"version-history":[{"count":0,"href":"https:\/\/jupi.pe.leg.br\/v3\/wp-json\/wp\/v2\/posts\/1460\/revisions"}],"wp:attachment":[{"href":"https:\/\/jupi.pe.leg.br\/v3\/wp-json\/wp\/v2\/media?parent=1460"}],"wp:term":[{"taxonomy":"category","embeddable":true,"href":"https:\/\/jupi.pe.leg.br\/v3\/wp-json\/wp\/v2\/categories?post=1460"},{"taxonomy":"post_tag","embeddable":true,"href":"https:\/\/jupi.pe.leg.br\/v3\/wp-json\/wp\/v2\/tags?post=1460"}],"curies":[{"name":"wp","href":"https:\/\/api.w.org\/{rel}","templated":true}]}}