{"id":1454,"date":"2021-07-12T17:47:28","date_gmt":"2021-07-12T20:47:28","guid":{"rendered":"https:\/\/jupi.pe.leg.br\/v3\/?p=1454"},"modified":"2023-07-12T17:48:17","modified_gmt":"2023-07-12T20:48:17","slug":"requerimento-064-2021","status":"publish","type":"post","link":"https:\/\/jupi.pe.leg.br\/v3\/requerimento-064-2021\/","title":{"rendered":"Requerimento 064\/2021"},"content":{"rendered":"<p>Requeiro ao Exm\u00ba Prefeito deste munic\u00edpio, Sr. Antonio Marcos Patriota, por interm\u00e9dio da Secretaria de Educa\u00e7\u00e3o, Cultura, Esporte, Turismo e Lazer, veemente apelo no sentido de atender os seguintes pleitos, nas institui\u00e7\u00f5es educacionais existentes no Povoado Col\u00f4nia deste munic\u00edpio:<br \/>\n&#8211; Amplia\u00e7\u00e3o e reforma da Escola Municipal Professor Fausto Cordeiro;<br \/>\n&#8211; Amplia\u00e7\u00e3o e reforma da Creche Municipal Ricardo Santos Oliveira.<\/p>\n","protected":false},"excerpt":{"rendered":"<p>Requeiro ao Exm\u00ba Prefeito deste munic\u00edpio, Sr. Antonio Marcos Patriota, por interm\u00e9dio da Secretaria de Educa\u00e7\u00e3o, Cultura, Esporte, Turismo e Lazer, veemente apelo no sentido de atender os seguintes pleitos, nas institui\u00e7\u00f5es educacionais existentes no Povoado Col\u00f4nia deste munic\u00edpio: &#8211; <a class=\"leiamais\" href=\"https:\/\/jupi.pe.leg.br\/v3\/requerimento-064-2021\/\">VER MAIS <i class=\"fa-solid fa-chevron-right\"><\/i><\/a><\/p>\n","protected":false},"author":2,"featured_media":0,"comment_status":"open","ping_status":"open","sticky":false,"template":"","format":"standard","meta":{"_acf_changed":false,"footnotes":""},"categories":[23,5],"tags":[],"class_list":["post-1454","post","type-post","status-publish","format-standard","hentry","category-ver_antoniodacolonia","category-vereadores","active"],"acf":[],"_links":{"self":[{"href":"https:\/\/jupi.pe.leg.br\/v3\/wp-json\/wp\/v2\/posts\/1454","targetHints":{"allow":["GET"]}}],"collection":[{"href":"https:\/\/jupi.pe.leg.br\/v3\/wp-json\/wp\/v2\/posts"}],"about":[{"href":"https:\/\/jupi.pe.leg.br\/v3\/wp-json\/wp\/v2\/types\/post"}],"author":[{"embeddable":true,"href":"https:\/\/jupi.pe.leg.br\/v3\/wp-json\/wp\/v2\/users\/2"}],"replies":[{"embeddable":true,"href":"https:\/\/jupi.pe.leg.br\/v3\/wp-json\/wp\/v2\/comments?post=1454"}],"version-history":[{"count":0,"href":"https:\/\/jupi.pe.leg.br\/v3\/wp-json\/wp\/v2\/posts\/1454\/revisions"}],"wp:attachment":[{"href":"https:\/\/jupi.pe.leg.br\/v3\/wp-json\/wp\/v2\/media?parent=1454"}],"wp:term":[{"taxonomy":"category","embeddable":true,"href":"https:\/\/jupi.pe.leg.br\/v3\/wp-json\/wp\/v2\/categories?post=1454"},{"taxonomy":"post_tag","embeddable":true,"href":"https:\/\/jupi.pe.leg.br\/v3\/wp-json\/wp\/v2\/tags?post=1454"}],"curies":[{"name":"wp","href":"https:\/\/api.w.org\/{rel}","templated":true}]}}