{"id":1448,"date":"2021-07-12T17:45:31","date_gmt":"2021-07-12T20:45:31","guid":{"rendered":"https:\/\/jupi.pe.leg.br\/v3\/?p=1448"},"modified":"2023-07-12T17:46:25","modified_gmt":"2023-07-12T20:46:25","slug":"requerimento-057-2021","status":"publish","type":"post","link":"https:\/\/jupi.pe.leg.br\/v3\/requerimento-057-2021\/","title":{"rendered":"Requerimento 057\/2021"},"content":{"rendered":"<p>Requeiro ao Exm\u00ba Prefeito deste munic\u00edpio, Sr. Antonio Marcos Patriota, por interm\u00e9dio da Secretaria de Infraestrutura e Servi\u00e7os Urbanos, veemente apelo no sentido de que sejam efetuadas as seguintes obras no Povoado Col\u00f4nia deste munic\u00edpio:<br \/>\nConstru\u00e7\u00e3o do Cal\u00e7amento e coloca\u00e7\u00e3o de lumin\u00e1rias no trajeto que d\u00e1 acesso \u00e0 Capela do Cruzeiro, localizada no Alto da Serra, acima da referida localidade.<\/p>\n","protected":false},"excerpt":{"rendered":"<p>Requeiro ao Exm\u00ba Prefeito deste munic\u00edpio, Sr. Antonio Marcos Patriota, por interm\u00e9dio da Secretaria de Infraestrutura e Servi\u00e7os Urbanos, veemente apelo no sentido de que sejam efetuadas as seguintes obras no Povoado Col\u00f4nia deste munic\u00edpio: Constru\u00e7\u00e3o do Cal\u00e7amento e coloca\u00e7\u00e3o <a class=\"leiamais\" href=\"https:\/\/jupi.pe.leg.br\/v3\/requerimento-057-2021\/\">VER MAIS <i class=\"fa-solid fa-chevron-right\"><\/i><\/a><\/p>\n","protected":false},"author":2,"featured_media":0,"comment_status":"open","ping_status":"open","sticky":false,"template":"","format":"standard","meta":{"_acf_changed":false,"footnotes":""},"categories":[23,5],"tags":[],"class_list":["post-1448","post","type-post","status-publish","format-standard","hentry","category-ver_antoniodacolonia","category-vereadores","active"],"acf":[],"_links":{"self":[{"href":"https:\/\/jupi.pe.leg.br\/v3\/wp-json\/wp\/v2\/posts\/1448","targetHints":{"allow":["GET"]}}],"collection":[{"href":"https:\/\/jupi.pe.leg.br\/v3\/wp-json\/wp\/v2\/posts"}],"about":[{"href":"https:\/\/jupi.pe.leg.br\/v3\/wp-json\/wp\/v2\/types\/post"}],"author":[{"embeddable":true,"href":"https:\/\/jupi.pe.leg.br\/v3\/wp-json\/wp\/v2\/users\/2"}],"replies":[{"embeddable":true,"href":"https:\/\/jupi.pe.leg.br\/v3\/wp-json\/wp\/v2\/comments?post=1448"}],"version-history":[{"count":0,"href":"https:\/\/jupi.pe.leg.br\/v3\/wp-json\/wp\/v2\/posts\/1448\/revisions"}],"wp:attachment":[{"href":"https:\/\/jupi.pe.leg.br\/v3\/wp-json\/wp\/v2\/media?parent=1448"}],"wp:term":[{"taxonomy":"category","embeddable":true,"href":"https:\/\/jupi.pe.leg.br\/v3\/wp-json\/wp\/v2\/categories?post=1448"},{"taxonomy":"post_tag","embeddable":true,"href":"https:\/\/jupi.pe.leg.br\/v3\/wp-json\/wp\/v2\/tags?post=1448"}],"curies":[{"name":"wp","href":"https:\/\/api.w.org\/{rel}","templated":true}]}}