{"id":1439,"date":"2021-07-12T17:40:39","date_gmt":"2021-07-12T20:40:39","guid":{"rendered":"https:\/\/jupi.pe.leg.br\/v3\/?p=1439"},"modified":"2023-07-12T17:41:46","modified_gmt":"2023-07-12T20:41:46","slug":"requerimento-043-2021","status":"publish","type":"post","link":"https:\/\/jupi.pe.leg.br\/v3\/requerimento-043-2021\/","title":{"rendered":"Requerimento 043\/2021"},"content":{"rendered":"<p>Requeiro ao Exm\u00ba Prefeito deste munic\u00edpio, Sr. Antonio Marcos Patriota, por interm\u00e9dio da Secretaria competente, veemente apelo no sentido de Realizar as seguintes obras no Povoado Col\u00f4nia deste munic\u00edpio:<br \/>\n&#8211; Melhoria no cal\u00e7amento do P\u00e1tio principal, estendendo-o ao espa\u00e7o existente entre a Escola Municipal Professor Fausto Cordeiro e a Igreja.<br \/>\n&#8211; Melhoria e complementa\u00e7\u00e3o do cal\u00e7amento da rua que desce em dire\u00e7\u00e3o ao a\u00e7ude;<br \/>\n&#8211; Constru\u00e7\u00e3o de Cal\u00e7amento e Saneamento b\u00e1sico nas demais ruas existentes.<\/p>\n","protected":false},"excerpt":{"rendered":"<p>Requeiro ao Exm\u00ba Prefeito deste munic\u00edpio, Sr. Antonio Marcos Patriota, por interm\u00e9dio da Secretaria competente, veemente apelo no sentido de Realizar as seguintes obras no Povoado Col\u00f4nia deste munic\u00edpio: &#8211; Melhoria no cal\u00e7amento do P\u00e1tio principal, estendendo-o ao espa\u00e7o existente <a class=\"leiamais\" href=\"https:\/\/jupi.pe.leg.br\/v3\/requerimento-043-2021\/\">VER MAIS <i class=\"fa-solid fa-chevron-right\"><\/i><\/a><\/p>\n","protected":false},"author":2,"featured_media":0,"comment_status":"open","ping_status":"open","sticky":false,"template":"","format":"standard","meta":{"_acf_changed":false,"footnotes":""},"categories":[23,5],"tags":[],"class_list":["post-1439","post","type-post","status-publish","format-standard","hentry","category-ver_antoniodacolonia","category-vereadores","active"],"acf":[],"_links":{"self":[{"href":"https:\/\/jupi.pe.leg.br\/v3\/wp-json\/wp\/v2\/posts\/1439","targetHints":{"allow":["GET"]}}],"collection":[{"href":"https:\/\/jupi.pe.leg.br\/v3\/wp-json\/wp\/v2\/posts"}],"about":[{"href":"https:\/\/jupi.pe.leg.br\/v3\/wp-json\/wp\/v2\/types\/post"}],"author":[{"embeddable":true,"href":"https:\/\/jupi.pe.leg.br\/v3\/wp-json\/wp\/v2\/users\/2"}],"replies":[{"embeddable":true,"href":"https:\/\/jupi.pe.leg.br\/v3\/wp-json\/wp\/v2\/comments?post=1439"}],"version-history":[{"count":0,"href":"https:\/\/jupi.pe.leg.br\/v3\/wp-json\/wp\/v2\/posts\/1439\/revisions"}],"wp:attachment":[{"href":"https:\/\/jupi.pe.leg.br\/v3\/wp-json\/wp\/v2\/media?parent=1439"}],"wp:term":[{"taxonomy":"category","embeddable":true,"href":"https:\/\/jupi.pe.leg.br\/v3\/wp-json\/wp\/v2\/categories?post=1439"},{"taxonomy":"post_tag","embeddable":true,"href":"https:\/\/jupi.pe.leg.br\/v3\/wp-json\/wp\/v2\/tags?post=1439"}],"curies":[{"name":"wp","href":"https:\/\/api.w.org\/{rel}","templated":true}]}}