{"id":1405,"date":"2021-07-12T17:13:21","date_gmt":"2021-07-12T20:13:21","guid":{"rendered":"https:\/\/jupi.pe.leg.br\/v3\/?p=1405"},"modified":"2023-07-12T17:14:39","modified_gmt":"2023-07-12T20:14:39","slug":"requerimento-175-2021","status":"publish","type":"post","link":"https:\/\/jupi.pe.leg.br\/v3\/requerimento-175-2021\/","title":{"rendered":"Requerimento 175\/2021"},"content":{"rendered":"<p>Requeiro ao Exm\u00ba. Prefeito, Sr. Ant\u00f4nio Marcos Patriota, por interm\u00e9dio da secretaria competente, veemente apelo, no sentido criar um Programa de Compostagem de Res\u00edduos S\u00f3lidos Org\u00e2nicos, com a finalidade de atender a aduba\u00e7\u00e3o org\u00e2nica de pra\u00e7as p\u00fablicas, produ\u00e7\u00e3o de mudas de \u00e1rvores e distribui\u00e7\u00e3o para agricultura familiar.<br \/>\nJustificativa:<br \/>\nCom ado\u00e7\u00e3o da pr\u00e1tica de realizar o reaproveitamento de res\u00edduos org\u00e2nicos a exemplo: Resto de podas, alimentos de feira livre e dom\u00e9sticos, a gest\u00e3o municipal poder\u00e1 gerar uma economia com a destina\u00e7\u00e3o destes res\u00edduos ao aterro sanit\u00e1rio, al\u00e9m de produzir um composto org\u00e2nico rico em nutrientes para atender a manuten\u00e7\u00e3o das pra\u00e7as p\u00fablicas e a doa\u00e7\u00e3o do excedente para atender agricultores familiares, al\u00e9m de incentivar a coleta seletiva por parte das fam\u00edlias que produzem os res\u00edduos org\u00e2nicos dom\u00e9sticos.<\/p>\n","protected":false},"excerpt":{"rendered":"<p>Requeiro ao Exm\u00ba. Prefeito, Sr. Ant\u00f4nio Marcos Patriota, por interm\u00e9dio da secretaria competente, veemente apelo, no sentido criar um Programa de Compostagem de Res\u00edduos S\u00f3lidos Org\u00e2nicos, com a finalidade de atender a aduba\u00e7\u00e3o org\u00e2nica de pra\u00e7as p\u00fablicas, produ\u00e7\u00e3o de mudas <a class=\"leiamais\" href=\"https:\/\/jupi.pe.leg.br\/v3\/requerimento-175-2021\/\">VER MAIS <i class=\"fa-solid fa-chevron-right\"><\/i><\/a><\/p>\n","protected":false},"author":2,"featured_media":0,"comment_status":"open","ping_status":"open","sticky":false,"template":"","format":"standard","meta":{"_acf_changed":false,"footnotes":""},"categories":[13,5],"tags":[],"class_list":["post-1405","post","type-post","status-publish","format-standard","hentry","category-ver_toinho","category-vereadores","active"],"acf":[],"_links":{"self":[{"href":"https:\/\/jupi.pe.leg.br\/v3\/wp-json\/wp\/v2\/posts\/1405","targetHints":{"allow":["GET"]}}],"collection":[{"href":"https:\/\/jupi.pe.leg.br\/v3\/wp-json\/wp\/v2\/posts"}],"about":[{"href":"https:\/\/jupi.pe.leg.br\/v3\/wp-json\/wp\/v2\/types\/post"}],"author":[{"embeddable":true,"href":"https:\/\/jupi.pe.leg.br\/v3\/wp-json\/wp\/v2\/users\/2"}],"replies":[{"embeddable":true,"href":"https:\/\/jupi.pe.leg.br\/v3\/wp-json\/wp\/v2\/comments?post=1405"}],"version-history":[{"count":0,"href":"https:\/\/jupi.pe.leg.br\/v3\/wp-json\/wp\/v2\/posts\/1405\/revisions"}],"wp:attachment":[{"href":"https:\/\/jupi.pe.leg.br\/v3\/wp-json\/wp\/v2\/media?parent=1405"}],"wp:term":[{"taxonomy":"category","embeddable":true,"href":"https:\/\/jupi.pe.leg.br\/v3\/wp-json\/wp\/v2\/categories?post=1405"},{"taxonomy":"post_tag","embeddable":true,"href":"https:\/\/jupi.pe.leg.br\/v3\/wp-json\/wp\/v2\/tags?post=1405"}],"curies":[{"name":"wp","href":"https:\/\/api.w.org\/{rel}","templated":true}]}}