{"id":1390,"date":"2021-07-12T17:06:28","date_gmt":"2021-07-12T20:06:28","guid":{"rendered":"https:\/\/jupi.pe.leg.br\/v3\/?p=1390"},"modified":"2023-07-12T17:07:25","modified_gmt":"2023-07-12T20:07:25","slug":"requerimento-116-2021","status":"publish","type":"post","link":"https:\/\/jupi.pe.leg.br\/v3\/requerimento-116-2021\/","title":{"rendered":"Requerimento 116\/2021"},"content":{"rendered":"<p>Requeiro ao Bem\u00ba. Prefeito deste munic\u00edpio, Sr. Ant\u00f4nio Marcos Patriota, por interm\u00e9dio da Secretaria competente, veemente apelo, no sentido de que sejam realizados os seguintes pleitos no Povoado Santa Rita, deste munic\u00edpio:<br \/>\n&#8211; Constru\u00e7\u00e3o de uma pra\u00e7a na Rua Jo\u00e3o Monteiro de Freitas, nas imedia\u00e7\u00f5es do Posto de Sa\u00fade; e,<br \/>\n&#8211; Constru\u00e7\u00e3o de uma pra\u00e7a na via de acesso principal, localizada no centro do referido povoado, que interliga as Ruas Jo\u00e3o Monteiro de Freitas e Rita Alves dos Santos.<\/p>\n","protected":false},"excerpt":{"rendered":"<p>Requeiro ao Bem\u00ba. Prefeito deste munic\u00edpio, Sr. Ant\u00f4nio Marcos Patriota, por interm\u00e9dio da Secretaria competente, veemente apelo, no sentido de que sejam realizados os seguintes pleitos no Povoado Santa Rita, deste munic\u00edpio: &#8211; Constru\u00e7\u00e3o de uma pra\u00e7a na Rua Jo\u00e3o <a class=\"leiamais\" href=\"https:\/\/jupi.pe.leg.br\/v3\/requerimento-116-2021\/\">VER MAIS <i class=\"fa-solid fa-chevron-right\"><\/i><\/a><\/p>\n","protected":false},"author":2,"featured_media":0,"comment_status":"open","ping_status":"open","sticky":false,"template":"","format":"standard","meta":{"_acf_changed":false,"footnotes":""},"categories":[13,5],"tags":[],"class_list":["post-1390","post","type-post","status-publish","format-standard","hentry","category-ver_toinho","category-vereadores","active"],"acf":[],"_links":{"self":[{"href":"https:\/\/jupi.pe.leg.br\/v3\/wp-json\/wp\/v2\/posts\/1390","targetHints":{"allow":["GET"]}}],"collection":[{"href":"https:\/\/jupi.pe.leg.br\/v3\/wp-json\/wp\/v2\/posts"}],"about":[{"href":"https:\/\/jupi.pe.leg.br\/v3\/wp-json\/wp\/v2\/types\/post"}],"author":[{"embeddable":true,"href":"https:\/\/jupi.pe.leg.br\/v3\/wp-json\/wp\/v2\/users\/2"}],"replies":[{"embeddable":true,"href":"https:\/\/jupi.pe.leg.br\/v3\/wp-json\/wp\/v2\/comments?post=1390"}],"version-history":[{"count":0,"href":"https:\/\/jupi.pe.leg.br\/v3\/wp-json\/wp\/v2\/posts\/1390\/revisions"}],"wp:attachment":[{"href":"https:\/\/jupi.pe.leg.br\/v3\/wp-json\/wp\/v2\/media?parent=1390"}],"wp:term":[{"taxonomy":"category","embeddable":true,"href":"https:\/\/jupi.pe.leg.br\/v3\/wp-json\/wp\/v2\/categories?post=1390"},{"taxonomy":"post_tag","embeddable":true,"href":"https:\/\/jupi.pe.leg.br\/v3\/wp-json\/wp\/v2\/tags?post=1390"}],"curies":[{"name":"wp","href":"https:\/\/api.w.org\/{rel}","templated":true}]}}