{"id":1375,"date":"2021-07-12T17:00:45","date_gmt":"2021-07-12T20:00:45","guid":{"rendered":"https:\/\/jupi.pe.leg.br\/v3\/?p=1375"},"modified":"2023-07-12T17:01:54","modified_gmt":"2023-07-12T20:01:54","slug":"requerimento-082-2021","status":"publish","type":"post","link":"https:\/\/jupi.pe.leg.br\/v3\/requerimento-082-2021\/","title":{"rendered":"Requerimento 082\/2021"},"content":{"rendered":"<p>Requeiro ao Exm\u00ba. Prefeito deste munic\u00edpio, Senhor Ant\u00f4nio Marcos Patriota, por interm\u00e9dio da Secretaria competente, veemente apelo no sentido de realizar a constru\u00e7\u00e3o da Pra\u00e7a Padre Ant\u00f4nio Bezerra de Lima, localizada no loteamento Geraldo Lucas de Oliveira, desta cidade.<\/p>\n","protected":false},"excerpt":{"rendered":"<p>Requeiro ao Exm\u00ba. Prefeito deste munic\u00edpio, Senhor Ant\u00f4nio Marcos Patriota, por interm\u00e9dio da Secretaria competente, veemente apelo no sentido de realizar a constru\u00e7\u00e3o da Pra\u00e7a Padre Ant\u00f4nio Bezerra de Lima, localizada no loteamento Geraldo Lucas de Oliveira, desta cidade.<\/p>\n","protected":false},"author":2,"featured_media":0,"comment_status":"open","ping_status":"open","sticky":false,"template":"","format":"standard","meta":{"_acf_changed":false,"footnotes":""},"categories":[13,5],"tags":[],"class_list":["post-1375","post","type-post","status-publish","format-standard","hentry","category-ver_toinho","category-vereadores","active"],"acf":[],"_links":{"self":[{"href":"https:\/\/jupi.pe.leg.br\/v3\/wp-json\/wp\/v2\/posts\/1375","targetHints":{"allow":["GET"]}}],"collection":[{"href":"https:\/\/jupi.pe.leg.br\/v3\/wp-json\/wp\/v2\/posts"}],"about":[{"href":"https:\/\/jupi.pe.leg.br\/v3\/wp-json\/wp\/v2\/types\/post"}],"author":[{"embeddable":true,"href":"https:\/\/jupi.pe.leg.br\/v3\/wp-json\/wp\/v2\/users\/2"}],"replies":[{"embeddable":true,"href":"https:\/\/jupi.pe.leg.br\/v3\/wp-json\/wp\/v2\/comments?post=1375"}],"version-history":[{"count":0,"href":"https:\/\/jupi.pe.leg.br\/v3\/wp-json\/wp\/v2\/posts\/1375\/revisions"}],"wp:attachment":[{"href":"https:\/\/jupi.pe.leg.br\/v3\/wp-json\/wp\/v2\/media?parent=1375"}],"wp:term":[{"taxonomy":"category","embeddable":true,"href":"https:\/\/jupi.pe.leg.br\/v3\/wp-json\/wp\/v2\/categories?post=1375"},{"taxonomy":"post_tag","embeddable":true,"href":"https:\/\/jupi.pe.leg.br\/v3\/wp-json\/wp\/v2\/tags?post=1375"}],"curies":[{"name":"wp","href":"https:\/\/api.w.org\/{rel}","templated":true}]}}