{"id":1366,"date":"2021-07-12T16:56:53","date_gmt":"2021-07-12T19:56:53","guid":{"rendered":"https:\/\/jupi.pe.leg.br\/v3\/?p=1366"},"modified":"2023-07-12T16:57:51","modified_gmt":"2023-07-12T19:57:51","slug":"requerimento-067-2021","status":"publish","type":"post","link":"https:\/\/jupi.pe.leg.br\/v3\/requerimento-067-2021\/","title":{"rendered":"Requerimento 067\/2021"},"content":{"rendered":"<p>Requeiro ao Bem\u00ba. Presidente do IPA &#8211; Instituto Agron\u00f4mico de Pernambuco de Recife\/PE, Sr. Kaio C\u00e9sar de Moura Mani\u00e7oba Novaes Ferraz, veemente apelo, no sentido de realizar a contrata\u00e7\u00e3o de 02 (dois) Caminh\u00f5es Pipas para atender a demanda de abastecimento d&#8217;\u00e1gua das comunidades rurais do nosso munic\u00edpio.<\/p>\n","protected":false},"excerpt":{"rendered":"<p>Requeiro ao Bem\u00ba. Presidente do IPA &#8211; Instituto Agron\u00f4mico de Pernambuco de Recife\/PE, Sr. Kaio C\u00e9sar de Moura Mani\u00e7oba Novaes Ferraz, veemente apelo, no sentido de realizar a contrata\u00e7\u00e3o de 02 (dois) Caminh\u00f5es Pipas para atender a demanda de abastecimento <a class=\"leiamais\" href=\"https:\/\/jupi.pe.leg.br\/v3\/requerimento-067-2021\/\">VER MAIS <i class=\"fa-solid fa-chevron-right\"><\/i><\/a><\/p>\n","protected":false},"author":2,"featured_media":0,"comment_status":"open","ping_status":"open","sticky":false,"template":"","format":"standard","meta":{"_acf_changed":false,"footnotes":""},"categories":[13,5],"tags":[],"class_list":["post-1366","post","type-post","status-publish","format-standard","hentry","category-ver_toinho","category-vereadores","active"],"acf":[],"_links":{"self":[{"href":"https:\/\/jupi.pe.leg.br\/v3\/wp-json\/wp\/v2\/posts\/1366","targetHints":{"allow":["GET"]}}],"collection":[{"href":"https:\/\/jupi.pe.leg.br\/v3\/wp-json\/wp\/v2\/posts"}],"about":[{"href":"https:\/\/jupi.pe.leg.br\/v3\/wp-json\/wp\/v2\/types\/post"}],"author":[{"embeddable":true,"href":"https:\/\/jupi.pe.leg.br\/v3\/wp-json\/wp\/v2\/users\/2"}],"replies":[{"embeddable":true,"href":"https:\/\/jupi.pe.leg.br\/v3\/wp-json\/wp\/v2\/comments?post=1366"}],"version-history":[{"count":0,"href":"https:\/\/jupi.pe.leg.br\/v3\/wp-json\/wp\/v2\/posts\/1366\/revisions"}],"wp:attachment":[{"href":"https:\/\/jupi.pe.leg.br\/v3\/wp-json\/wp\/v2\/media?parent=1366"}],"wp:term":[{"taxonomy":"category","embeddable":true,"href":"https:\/\/jupi.pe.leg.br\/v3\/wp-json\/wp\/v2\/categories?post=1366"},{"taxonomy":"post_tag","embeddable":true,"href":"https:\/\/jupi.pe.leg.br\/v3\/wp-json\/wp\/v2\/tags?post=1366"}],"curies":[{"name":"wp","href":"https:\/\/api.w.org\/{rel}","templated":true}]}}