{"id":1363,"date":"2021-07-12T16:55:01","date_gmt":"2021-07-12T19:55:01","guid":{"rendered":"https:\/\/jupi.pe.leg.br\/v3\/?p=1363"},"modified":"2023-07-12T16:56:07","modified_gmt":"2023-07-12T19:56:07","slug":"requerimento-060-2021","status":"publish","type":"post","link":"https:\/\/jupi.pe.leg.br\/v3\/requerimento-060-2021\/","title":{"rendered":"Requerimento 060\/2021"},"content":{"rendered":"<p>Requeiro ao Senhor Prefeito deste munic\u00edpio Senhor Ant\u00f4nio Marcos Patriota, por interm\u00e9dio da secretaria competente, veemente apelo, no sentido de que seja concedido Aux\u00edlio Emergencial aos motoristas dos transportes alternativos, devidamente regulamentados na AMTAJ (Associa\u00e7\u00e3o dos Motoristas Transportes Alternativos de Jupi), AMTAJAL (Associa\u00e7\u00e3o dos Motoristas Transportes Alternativos de Jupi a Lajedo) e, dos terceirizados que prestam servi\u00e7os ao nosso munic\u00edpio na \u00e1rea da educa\u00e7\u00e3o.<\/p>\n","protected":false},"excerpt":{"rendered":"<p>Requeiro ao Senhor Prefeito deste munic\u00edpio Senhor Ant\u00f4nio Marcos Patriota, por interm\u00e9dio da secretaria competente, veemente apelo, no sentido de que seja concedido Aux\u00edlio Emergencial aos motoristas dos transportes alternativos, devidamente regulamentados na AMTAJ (Associa\u00e7\u00e3o dos Motoristas Transportes Alternativos de <a class=\"leiamais\" href=\"https:\/\/jupi.pe.leg.br\/v3\/requerimento-060-2021\/\">VER MAIS <i class=\"fa-solid fa-chevron-right\"><\/i><\/a><\/p>\n","protected":false},"author":2,"featured_media":0,"comment_status":"open","ping_status":"open","sticky":false,"template":"","format":"standard","meta":{"_acf_changed":false,"footnotes":""},"categories":[13,5],"tags":[],"class_list":["post-1363","post","type-post","status-publish","format-standard","hentry","category-ver_toinho","category-vereadores","active"],"acf":[],"_links":{"self":[{"href":"https:\/\/jupi.pe.leg.br\/v3\/wp-json\/wp\/v2\/posts\/1363","targetHints":{"allow":["GET"]}}],"collection":[{"href":"https:\/\/jupi.pe.leg.br\/v3\/wp-json\/wp\/v2\/posts"}],"about":[{"href":"https:\/\/jupi.pe.leg.br\/v3\/wp-json\/wp\/v2\/types\/post"}],"author":[{"embeddable":true,"href":"https:\/\/jupi.pe.leg.br\/v3\/wp-json\/wp\/v2\/users\/2"}],"replies":[{"embeddable":true,"href":"https:\/\/jupi.pe.leg.br\/v3\/wp-json\/wp\/v2\/comments?post=1363"}],"version-history":[{"count":0,"href":"https:\/\/jupi.pe.leg.br\/v3\/wp-json\/wp\/v2\/posts\/1363\/revisions"}],"wp:attachment":[{"href":"https:\/\/jupi.pe.leg.br\/v3\/wp-json\/wp\/v2\/media?parent=1363"}],"wp:term":[{"taxonomy":"category","embeddable":true,"href":"https:\/\/jupi.pe.leg.br\/v3\/wp-json\/wp\/v2\/categories?post=1363"},{"taxonomy":"post_tag","embeddable":true,"href":"https:\/\/jupi.pe.leg.br\/v3\/wp-json\/wp\/v2\/tags?post=1363"}],"curies":[{"name":"wp","href":"https:\/\/api.w.org\/{rel}","templated":true}]}}