{"id":1360,"date":"2021-07-12T16:53:56","date_gmt":"2021-07-12T19:53:56","guid":{"rendered":"https:\/\/jupi.pe.leg.br\/v3\/?p=1360"},"modified":"2023-07-12T16:54:50","modified_gmt":"2023-07-12T19:54:50","slug":"requerimento-024-2021","status":"publish","type":"post","link":"https:\/\/jupi.pe.leg.br\/v3\/requerimento-024-2021\/","title":{"rendered":"Requerimento 024\/2021"},"content":{"rendered":"<p>Requeiro ao Exm\u00ba. Governador do Estado de Pernambuco, Sr. Paulo Henrique Saraiva C\u00e2mara, por interm\u00e9dio da Secretaria Estadual de Desenvolvimento Agr\u00e1rio, representada pelo llm\u00ba. Claudiano Martins Filho, veemente apelo, no intuito de que seja reativado o Programa M\u00e3e Coruja em nosso munic\u00edpio.<\/p>\n","protected":false},"excerpt":{"rendered":"<p>Requeiro ao Exm\u00ba. Governador do Estado de Pernambuco, Sr. Paulo Henrique Saraiva C\u00e2mara, por interm\u00e9dio da Secretaria Estadual de Desenvolvimento Agr\u00e1rio, representada pelo llm\u00ba. Claudiano Martins Filho, veemente apelo, no intuito de que seja reativado o Programa M\u00e3e Coruja em <a class=\"leiamais\" href=\"https:\/\/jupi.pe.leg.br\/v3\/requerimento-024-2021\/\">VER MAIS <i class=\"fa-solid fa-chevron-right\"><\/i><\/a><\/p>\n","protected":false},"author":2,"featured_media":0,"comment_status":"open","ping_status":"open","sticky":false,"template":"","format":"standard","meta":{"_acf_changed":false,"footnotes":""},"categories":[13,5],"tags":[],"class_list":["post-1360","post","type-post","status-publish","format-standard","hentry","category-ver_toinho","category-vereadores","active"],"acf":[],"_links":{"self":[{"href":"https:\/\/jupi.pe.leg.br\/v3\/wp-json\/wp\/v2\/posts\/1360","targetHints":{"allow":["GET"]}}],"collection":[{"href":"https:\/\/jupi.pe.leg.br\/v3\/wp-json\/wp\/v2\/posts"}],"about":[{"href":"https:\/\/jupi.pe.leg.br\/v3\/wp-json\/wp\/v2\/types\/post"}],"author":[{"embeddable":true,"href":"https:\/\/jupi.pe.leg.br\/v3\/wp-json\/wp\/v2\/users\/2"}],"replies":[{"embeddable":true,"href":"https:\/\/jupi.pe.leg.br\/v3\/wp-json\/wp\/v2\/comments?post=1360"}],"version-history":[{"count":0,"href":"https:\/\/jupi.pe.leg.br\/v3\/wp-json\/wp\/v2\/posts\/1360\/revisions"}],"wp:attachment":[{"href":"https:\/\/jupi.pe.leg.br\/v3\/wp-json\/wp\/v2\/media?parent=1360"}],"wp:term":[{"taxonomy":"category","embeddable":true,"href":"https:\/\/jupi.pe.leg.br\/v3\/wp-json\/wp\/v2\/categories?post=1360"},{"taxonomy":"post_tag","embeddable":true,"href":"https:\/\/jupi.pe.leg.br\/v3\/wp-json\/wp\/v2\/tags?post=1360"}],"curies":[{"name":"wp","href":"https:\/\/api.w.org\/{rel}","templated":true}]}}