{"id":1351,"date":"2021-07-12T16:45:45","date_gmt":"2021-07-12T19:45:45","guid":{"rendered":"https:\/\/jupi.pe.leg.br\/v3\/?p=1351"},"modified":"2023-07-12T16:50:54","modified_gmt":"2023-07-12T19:50:54","slug":"requerimento-002-2021","status":"publish","type":"post","link":"https:\/\/jupi.pe.leg.br\/v3\/requerimento-002-2021\/","title":{"rendered":"Requerimento 002\/2021"},"content":{"rendered":"<p>Requeiro ao Exm\u00ba. Prefeito deste munic\u00edpio, Senhor Ant\u00f4nio Marcos Patriota, por interm\u00e9dio da secretaria competente, veemente apelo, no intuito de que seja feita a contrata\u00e7\u00e3o de um m\u00e9dico pediatra, para realiza\u00e7\u00e3o de atendimentos ambulatoriais em nosso munic\u00edpio.<\/p>\n","protected":false},"excerpt":{"rendered":"<p>Requeiro ao Exm\u00ba. Prefeito deste munic\u00edpio, Senhor Ant\u00f4nio Marcos Patriota, por interm\u00e9dio da secretaria competente, veemente apelo, no intuito de que seja feita a contrata\u00e7\u00e3o de um m\u00e9dico pediatra, para realiza\u00e7\u00e3o de atendimentos ambulatoriais em nosso munic\u00edpio.<\/p>\n","protected":false},"author":2,"featured_media":0,"comment_status":"open","ping_status":"open","sticky":false,"template":"","format":"standard","meta":{"_acf_changed":false,"footnotes":""},"categories":[13,5],"tags":[],"class_list":["post-1351","post","type-post","status-publish","format-standard","hentry","category-ver_toinho","category-vereadores","active"],"acf":[],"_links":{"self":[{"href":"https:\/\/jupi.pe.leg.br\/v3\/wp-json\/wp\/v2\/posts\/1351","targetHints":{"allow":["GET"]}}],"collection":[{"href":"https:\/\/jupi.pe.leg.br\/v3\/wp-json\/wp\/v2\/posts"}],"about":[{"href":"https:\/\/jupi.pe.leg.br\/v3\/wp-json\/wp\/v2\/types\/post"}],"author":[{"embeddable":true,"href":"https:\/\/jupi.pe.leg.br\/v3\/wp-json\/wp\/v2\/users\/2"}],"replies":[{"embeddable":true,"href":"https:\/\/jupi.pe.leg.br\/v3\/wp-json\/wp\/v2\/comments?post=1351"}],"version-history":[{"count":0,"href":"https:\/\/jupi.pe.leg.br\/v3\/wp-json\/wp\/v2\/posts\/1351\/revisions"}],"wp:attachment":[{"href":"https:\/\/jupi.pe.leg.br\/v3\/wp-json\/wp\/v2\/media?parent=1351"}],"wp:term":[{"taxonomy":"category","embeddable":true,"href":"https:\/\/jupi.pe.leg.br\/v3\/wp-json\/wp\/v2\/categories?post=1351"},{"taxonomy":"post_tag","embeddable":true,"href":"https:\/\/jupi.pe.leg.br\/v3\/wp-json\/wp\/v2\/tags?post=1351"}],"curies":[{"name":"wp","href":"https:\/\/api.w.org\/{rel}","templated":true}]}}