{"id":1338,"date":"2023-07-05T17:46:05","date_gmt":"2023-07-05T20:46:05","guid":{"rendered":"https:\/\/jupi.pe.leg.br\/v3\/?p=1338"},"modified":"2023-07-05T17:46:05","modified_gmt":"2023-07-05T20:46:05","slug":"requerimento-097-2023","status":"publish","type":"post","link":"https:\/\/jupi.pe.leg.br\/v3\/requerimento-097-2023\/","title":{"rendered":"Requerimento 097\/2023"},"content":{"rendered":"<p>Requeiro ao Exm\u00ba Prefeito deste munic\u00edpio, Sr. Ant\u00f4nio Marcos Patriota, por interm\u00e9dio da Secr\u00e9taria de Infraestrutura e Servi\u00e7os Urbanos, no sentido de que seja atendida a solicita\u00e7\u00e3o abaixo mencionada, j\u00e1 apresentada nos requerimentos n\u00ba 044\/2021, 081\/2022 e 081\/2022, sendo reapresentada atrav\u00e9s do presente pleito:<br \/>\n&#8211; Reforma da Lavanderia P\u00fablica pr\u00f3xima ao antigo &#8220;tanque&#8221;, na entrada do Povoado Col\u00f4nia deste munic\u00edpio.<br \/>\n&#8211; Constru\u00e7\u00e3o do sistema de esgotamento sanit\u00e1rio entre a lavanderia p\u00fablica acima citada e a Sacaria Bom Jesus, na mesma localidade.<\/p>\n","protected":false},"excerpt":{"rendered":"<p>Requeiro ao Exm\u00ba Prefeito deste munic\u00edpio, Sr. Ant\u00f4nio Marcos Patriota, por interm\u00e9dio da Secr\u00e9taria de Infraestrutura e Servi\u00e7os Urbanos, no sentido de que seja atendida a solicita\u00e7\u00e3o abaixo mencionada, j\u00e1 apresentada nos requerimentos n\u00ba 044\/2021, 081\/2022 e 081\/2022, sendo reapresentada <a class=\"leiamais\" href=\"https:\/\/jupi.pe.leg.br\/v3\/requerimento-097-2023\/\">VER MAIS <i class=\"fa-solid fa-chevron-right\"><\/i><\/a><\/p>\n","protected":false},"author":2,"featured_media":0,"comment_status":"open","ping_status":"open","sticky":false,"template":"","format":"standard","meta":{"_acf_changed":false,"footnotes":""},"categories":[23,5],"tags":[],"class_list":["post-1338","post","type-post","status-publish","format-standard","hentry","category-ver_antoniodacolonia","category-vereadores","active"],"acf":[],"_links":{"self":[{"href":"https:\/\/jupi.pe.leg.br\/v3\/wp-json\/wp\/v2\/posts\/1338","targetHints":{"allow":["GET"]}}],"collection":[{"href":"https:\/\/jupi.pe.leg.br\/v3\/wp-json\/wp\/v2\/posts"}],"about":[{"href":"https:\/\/jupi.pe.leg.br\/v3\/wp-json\/wp\/v2\/types\/post"}],"author":[{"embeddable":true,"href":"https:\/\/jupi.pe.leg.br\/v3\/wp-json\/wp\/v2\/users\/2"}],"replies":[{"embeddable":true,"href":"https:\/\/jupi.pe.leg.br\/v3\/wp-json\/wp\/v2\/comments?post=1338"}],"version-history":[{"count":0,"href":"https:\/\/jupi.pe.leg.br\/v3\/wp-json\/wp\/v2\/posts\/1338\/revisions"}],"wp:attachment":[{"href":"https:\/\/jupi.pe.leg.br\/v3\/wp-json\/wp\/v2\/media?parent=1338"}],"wp:term":[{"taxonomy":"category","embeddable":true,"href":"https:\/\/jupi.pe.leg.br\/v3\/wp-json\/wp\/v2\/categories?post=1338"},{"taxonomy":"post_tag","embeddable":true,"href":"https:\/\/jupi.pe.leg.br\/v3\/wp-json\/wp\/v2\/tags?post=1338"}],"curies":[{"name":"wp","href":"https:\/\/api.w.org\/{rel}","templated":true}]}}