{"id":1329,"date":"2023-07-05T17:42:58","date_gmt":"2023-07-05T20:42:58","guid":{"rendered":"https:\/\/jupi.pe.leg.br\/v3\/?p=1329"},"modified":"2023-07-05T17:42:58","modified_gmt":"2023-07-05T20:42:58","slug":"requerimento-094-2023","status":"publish","type":"post","link":"https:\/\/jupi.pe.leg.br\/v3\/requerimento-094-2023\/","title":{"rendered":"Requerimento 094\/2023"},"content":{"rendered":"<p>Requeiro ao Exm\u00ba Prefeito deste munic\u00edpio, Sr. Ant\u00f4nio Marcos Patriota, por interm\u00e9dio da Secretaria de Infraestrutura e Servi\u00e7os Urbanos, no sentido de que seja atendida a solicita\u00e7\u00e3o abaixo mencionada, j\u00e1 apresentada nos Requerimentos N\u00b0S:047\/2019. 018\/2020. 057\/2021 e. 032\/2022. Visando atender \u00e0s pessoas desta comunidade e adjac\u00eancias, que fazem visita\u00e7\u00e3o religiosa neste local de ora\u00e7\u00e3o e penit\u00eancia, sendo reapresentada atrav\u00e9s do seguinte pleito: Constru\u00e7\u00e3o do cal\u00e7amento e coloca\u00e7\u00e3o de lumin\u00e1rias no trajeto que d\u00e1 acesso \u00e0 Capela do Cruzeiro, localizada no Alto da Serra do Povoado Col\u00f4nia neste munic\u00edpio.<br \/>\nDo presente pleito, d\u00ea-se ci\u00eancia a todas as Pastorais da comunidade, as Unidades de Ensino, e \u00e0s Associa\u00e7\u00f5es Comunit\u00e1rias locais.<\/p>\n","protected":false},"excerpt":{"rendered":"<p>Requeiro ao Exm\u00ba Prefeito deste munic\u00edpio, Sr. Ant\u00f4nio Marcos Patriota, por interm\u00e9dio da Secretaria de Infraestrutura e Servi\u00e7os Urbanos, no sentido de que seja atendida a solicita\u00e7\u00e3o abaixo mencionada, j\u00e1 apresentada nos Requerimentos N\u00b0S:047\/2019. 018\/2020. 057\/2021 e. 032\/2022. Visando atender <a class=\"leiamais\" href=\"https:\/\/jupi.pe.leg.br\/v3\/requerimento-094-2023\/\">VER MAIS <i class=\"fa-solid fa-chevron-right\"><\/i><\/a><\/p>\n","protected":false},"author":2,"featured_media":0,"comment_status":"open","ping_status":"open","sticky":false,"template":"","format":"standard","meta":{"_acf_changed":false,"footnotes":""},"categories":[23,5],"tags":[],"class_list":["post-1329","post","type-post","status-publish","format-standard","hentry","category-ver_antoniodacolonia","category-vereadores","active"],"acf":[],"_links":{"self":[{"href":"https:\/\/jupi.pe.leg.br\/v3\/wp-json\/wp\/v2\/posts\/1329","targetHints":{"allow":["GET"]}}],"collection":[{"href":"https:\/\/jupi.pe.leg.br\/v3\/wp-json\/wp\/v2\/posts"}],"about":[{"href":"https:\/\/jupi.pe.leg.br\/v3\/wp-json\/wp\/v2\/types\/post"}],"author":[{"embeddable":true,"href":"https:\/\/jupi.pe.leg.br\/v3\/wp-json\/wp\/v2\/users\/2"}],"replies":[{"embeddable":true,"href":"https:\/\/jupi.pe.leg.br\/v3\/wp-json\/wp\/v2\/comments?post=1329"}],"version-history":[{"count":0,"href":"https:\/\/jupi.pe.leg.br\/v3\/wp-json\/wp\/v2\/posts\/1329\/revisions"}],"wp:attachment":[{"href":"https:\/\/jupi.pe.leg.br\/v3\/wp-json\/wp\/v2\/media?parent=1329"}],"wp:term":[{"taxonomy":"category","embeddable":true,"href":"https:\/\/jupi.pe.leg.br\/v3\/wp-json\/wp\/v2\/categories?post=1329"},{"taxonomy":"post_tag","embeddable":true,"href":"https:\/\/jupi.pe.leg.br\/v3\/wp-json\/wp\/v2\/tags?post=1329"}],"curies":[{"name":"wp","href":"https:\/\/api.w.org\/{rel}","templated":true}]}}