{"id":1326,"date":"2023-07-05T17:41:31","date_gmt":"2023-07-05T20:41:31","guid":{"rendered":"https:\/\/jupi.pe.leg.br\/v3\/?p=1326"},"modified":"2023-07-05T17:41:31","modified_gmt":"2023-07-05T20:41:31","slug":"requerimento-077-2023","status":"publish","type":"post","link":"https:\/\/jupi.pe.leg.br\/v3\/requerimento-077-2023\/","title":{"rendered":"Requerimento 077\/2023"},"content":{"rendered":"<p>Requeiro ao Exm\u00ba Prefeito deste munic\u00edpio, Sr. Ant\u00f4nio Marcos Patriota, por interm\u00e9dio da Secretaria de Infraestrutura e Servi\u00e7os Urbanos, no sentido de que seja atendida a solicita\u00e7\u00e3o abaixo mencionada, j\u00e1 apresentada no Requerimento N\u00ba 067\/2020, visando atender a quem n\u00e3o disp\u00f5e de local adequado, e deseja disp\u00f4r desse benef\u00edcio, e as pessoas que desejam prestar solidariedade \u00e0s fam\u00edlias enlutadas, sendo reapresentada atrav\u00e9s do seguinte pleito:<br \/>\nConstru\u00e7\u00e3o de um Cemit\u00e9rio e um local apropriado para a realiza\u00e7\u00e3o dos vel\u00f3rios, no Povoado Col\u00f4nia deste munic\u00edpio.<br \/>\nDo presente pleito, d\u00ea-se ci\u00eancia \u00e0s Associa\u00e7\u00f5es Comunit\u00e1rias locais.<\/p>\n","protected":false},"excerpt":{"rendered":"<p>Requeiro ao Exm\u00ba Prefeito deste munic\u00edpio, Sr. Ant\u00f4nio Marcos Patriota, por interm\u00e9dio da Secretaria de Infraestrutura e Servi\u00e7os Urbanos, no sentido de que seja atendida a solicita\u00e7\u00e3o abaixo mencionada, j\u00e1 apresentada no Requerimento N\u00ba 067\/2020, visando atender a quem n\u00e3o <a class=\"leiamais\" href=\"https:\/\/jupi.pe.leg.br\/v3\/requerimento-077-2023\/\">VER MAIS <i class=\"fa-solid fa-chevron-right\"><\/i><\/a><\/p>\n","protected":false},"author":2,"featured_media":0,"comment_status":"open","ping_status":"open","sticky":false,"template":"","format":"standard","meta":{"_acf_changed":false,"footnotes":""},"categories":[23,5],"tags":[],"class_list":["post-1326","post","type-post","status-publish","format-standard","hentry","category-ver_antoniodacolonia","category-vereadores","active"],"acf":[],"_links":{"self":[{"href":"https:\/\/jupi.pe.leg.br\/v3\/wp-json\/wp\/v2\/posts\/1326","targetHints":{"allow":["GET"]}}],"collection":[{"href":"https:\/\/jupi.pe.leg.br\/v3\/wp-json\/wp\/v2\/posts"}],"about":[{"href":"https:\/\/jupi.pe.leg.br\/v3\/wp-json\/wp\/v2\/types\/post"}],"author":[{"embeddable":true,"href":"https:\/\/jupi.pe.leg.br\/v3\/wp-json\/wp\/v2\/users\/2"}],"replies":[{"embeddable":true,"href":"https:\/\/jupi.pe.leg.br\/v3\/wp-json\/wp\/v2\/comments?post=1326"}],"version-history":[{"count":0,"href":"https:\/\/jupi.pe.leg.br\/v3\/wp-json\/wp\/v2\/posts\/1326\/revisions"}],"wp:attachment":[{"href":"https:\/\/jupi.pe.leg.br\/v3\/wp-json\/wp\/v2\/media?parent=1326"}],"wp:term":[{"taxonomy":"category","embeddable":true,"href":"https:\/\/jupi.pe.leg.br\/v3\/wp-json\/wp\/v2\/categories?post=1326"},{"taxonomy":"post_tag","embeddable":true,"href":"https:\/\/jupi.pe.leg.br\/v3\/wp-json\/wp\/v2\/tags?post=1326"}],"curies":[{"name":"wp","href":"https:\/\/api.w.org\/{rel}","templated":true}]}}