{"id":1323,"date":"2023-07-05T17:40:01","date_gmt":"2023-07-05T20:40:01","guid":{"rendered":"https:\/\/jupi.pe.leg.br\/v3\/?p=1323"},"modified":"2023-07-05T17:40:01","modified_gmt":"2023-07-05T20:40:01","slug":"requerimento-076-2023","status":"publish","type":"post","link":"https:\/\/jupi.pe.leg.br\/v3\/requerimento-076-2023\/","title":{"rendered":"Requerimento 076\/2023"},"content":{"rendered":"<p>Requeiro ao Exm\u00ba. Presidente do TRE\/PE, -Tribunal Regional Eleitoral de Pernambuco, MM. Doutor, Andr\u00e9 Oliveira da Silva Guimar\u00e3es, e ao Exm\u00ba Juiz da 92\u00aa Zona Eleitoral de Garanhuns\/PE, MM. Doutor, Francisco Milton Ara\u00fajo J\u00fanior, veemente apelo, no sentido de que seja atendida a solicita\u00e7\u00e3o j\u00e1 apresentada no Requerimento N\u00ba 047\/2017, visando mais seguran\u00e7a, comodidade e participa\u00e7\u00e3o aos eleitores da comunidade abaixo mencionada, e respectivas comunidades circunvizinhas, sendo reapresentada atrav\u00e9s do seguinte pleito:<br \/>\nImplanta\u00e7\u00e3o de uma Sess\u00e3o Eleitoral na Escola Ant\u00f4nio Lopes de Ara\u00fajo, situada na comunidade do S\u00edtio Pau Ferro -Jupi\/PE.<br \/>\nDo presente pleito, d\u00ea-se ci\u00eancia ao Chefe do Cart\u00f3rio da 92\u00aa Zona Eleitoral, Sr. Alexandre Alves Ferreira Rocha, ao Prefeito do Munic\u00edpio de Jupi\/PE, Sr. Ant\u00f4nio Marcos Patriota, a Gestora da Escola Municipal Ant\u00f4nio Lopes de Ara\u00fajo, Sr8. Elizonete Lopes de Ara\u00fajo Ten\u00f3rio e a Sr8. C\u00edcera Patr\u00edcia Rocha Brasil, Presidente da Associa\u00e7\u00e3o Comunit\u00e1ria Local.<\/p>\n","protected":false},"excerpt":{"rendered":"<p>Requeiro ao Exm\u00ba. Presidente do TRE\/PE, -Tribunal Regional Eleitoral de Pernambuco, MM. Doutor, Andr\u00e9 Oliveira da Silva Guimar\u00e3es, e ao Exm\u00ba Juiz da 92\u00aa Zona Eleitoral de Garanhuns\/PE, MM. Doutor, Francisco Milton Ara\u00fajo J\u00fanior, veemente apelo, no sentido de que <a class=\"leiamais\" href=\"https:\/\/jupi.pe.leg.br\/v3\/requerimento-076-2023\/\">VER MAIS <i class=\"fa-solid fa-chevron-right\"><\/i><\/a><\/p>\n","protected":false},"author":2,"featured_media":0,"comment_status":"open","ping_status":"open","sticky":false,"template":"","format":"standard","meta":{"_acf_changed":false,"footnotes":""},"categories":[23,5],"tags":[],"class_list":["post-1323","post","type-post","status-publish","format-standard","hentry","category-ver_antoniodacolonia","category-vereadores","active"],"acf":[],"_links":{"self":[{"href":"https:\/\/jupi.pe.leg.br\/v3\/wp-json\/wp\/v2\/posts\/1323","targetHints":{"allow":["GET"]}}],"collection":[{"href":"https:\/\/jupi.pe.leg.br\/v3\/wp-json\/wp\/v2\/posts"}],"about":[{"href":"https:\/\/jupi.pe.leg.br\/v3\/wp-json\/wp\/v2\/types\/post"}],"author":[{"embeddable":true,"href":"https:\/\/jupi.pe.leg.br\/v3\/wp-json\/wp\/v2\/users\/2"}],"replies":[{"embeddable":true,"href":"https:\/\/jupi.pe.leg.br\/v3\/wp-json\/wp\/v2\/comments?post=1323"}],"version-history":[{"count":0,"href":"https:\/\/jupi.pe.leg.br\/v3\/wp-json\/wp\/v2\/posts\/1323\/revisions"}],"wp:attachment":[{"href":"https:\/\/jupi.pe.leg.br\/v3\/wp-json\/wp\/v2\/media?parent=1323"}],"wp:term":[{"taxonomy":"category","embeddable":true,"href":"https:\/\/jupi.pe.leg.br\/v3\/wp-json\/wp\/v2\/categories?post=1323"},{"taxonomy":"post_tag","embeddable":true,"href":"https:\/\/jupi.pe.leg.br\/v3\/wp-json\/wp\/v2\/tags?post=1323"}],"curies":[{"name":"wp","href":"https:\/\/api.w.org\/{rel}","templated":true}]}}