{"id":1320,"date":"2023-07-05T17:36:55","date_gmt":"2023-07-05T20:36:55","guid":{"rendered":"https:\/\/jupi.pe.leg.br\/v3\/?p=1320"},"modified":"2023-07-05T17:36:55","modified_gmt":"2023-07-05T20:36:55","slug":"requerimento-075-2023","status":"publish","type":"post","link":"https:\/\/jupi.pe.leg.br\/v3\/requerimento-075-2023\/","title":{"rendered":"Requerimento 075\/2023"},"content":{"rendered":"<p>Requeiro ao Exm\u00ba. Prefeito deste munic\u00edpio, Sr. Ant\u00f4nio Marcos Patriota, por interm\u00e9dio da Secretaria Municipal de Infraestrutura e Servi\u00e7os Urbanos, veemente apelo, no sentido de que seja atendida a solicita\u00e7\u00e3o abaixo mencionada, j\u00e1 apresentada nos Requerimentos N\u00bas 101\/2021 e 083\/2022, visando maior seguran\u00e7a e comodidade aos usu\u00e1rios dos transportes nesses pontos alternativos pr\u00f3ximos \u00e0 BR 423, sendo reapresentada atrav\u00e9s do seguinte pleito:<br \/>\nConstru\u00e7\u00e3o de abrigos de passageiros e cal\u00e7amento, coloca\u00e7\u00e3o de placas e ilumina\u00e7\u00e3o nas seguintes localidades: &#8211; Na entrada acima da ponte do Rio da Chata;<br \/>\n&#8211; Na entrada do S\u00edtio Grot\u00e3o, em frente ao P\u00e9 de Tambor;<br \/>\n&#8211; Na entrada do Boi Morto, que d\u00e1 acesso ao Povoado Col\u00f4nia;<br \/>\n&#8211; Na entrada do S\u00edtio Mulungu, pr\u00f3ximo \u00e0 Ind\u00fastria de Farinha.<\/p>\n","protected":false},"excerpt":{"rendered":"<p>Requeiro ao Exm\u00ba. Prefeito deste munic\u00edpio, Sr. Ant\u00f4nio Marcos Patriota, por interm\u00e9dio da Secretaria Municipal de Infraestrutura e Servi\u00e7os Urbanos, veemente apelo, no sentido de que seja atendida a solicita\u00e7\u00e3o abaixo mencionada, j\u00e1 apresentada nos Requerimentos N\u00bas 101\/2021 e 083\/2022, <a class=\"leiamais\" href=\"https:\/\/jupi.pe.leg.br\/v3\/requerimento-075-2023\/\">VER MAIS <i class=\"fa-solid fa-chevron-right\"><\/i><\/a><\/p>\n","protected":false},"author":2,"featured_media":0,"comment_status":"open","ping_status":"open","sticky":false,"template":"","format":"standard","meta":{"_acf_changed":false,"footnotes":""},"categories":[23,5],"tags":[],"class_list":["post-1320","post","type-post","status-publish","format-standard","hentry","category-ver_antoniodacolonia","category-vereadores","active"],"acf":[],"_links":{"self":[{"href":"https:\/\/jupi.pe.leg.br\/v3\/wp-json\/wp\/v2\/posts\/1320","targetHints":{"allow":["GET"]}}],"collection":[{"href":"https:\/\/jupi.pe.leg.br\/v3\/wp-json\/wp\/v2\/posts"}],"about":[{"href":"https:\/\/jupi.pe.leg.br\/v3\/wp-json\/wp\/v2\/types\/post"}],"author":[{"embeddable":true,"href":"https:\/\/jupi.pe.leg.br\/v3\/wp-json\/wp\/v2\/users\/2"}],"replies":[{"embeddable":true,"href":"https:\/\/jupi.pe.leg.br\/v3\/wp-json\/wp\/v2\/comments?post=1320"}],"version-history":[{"count":0,"href":"https:\/\/jupi.pe.leg.br\/v3\/wp-json\/wp\/v2\/posts\/1320\/revisions"}],"wp:attachment":[{"href":"https:\/\/jupi.pe.leg.br\/v3\/wp-json\/wp\/v2\/media?parent=1320"}],"wp:term":[{"taxonomy":"category","embeddable":true,"href":"https:\/\/jupi.pe.leg.br\/v3\/wp-json\/wp\/v2\/categories?post=1320"},{"taxonomy":"post_tag","embeddable":true,"href":"https:\/\/jupi.pe.leg.br\/v3\/wp-json\/wp\/v2\/tags?post=1320"}],"curies":[{"name":"wp","href":"https:\/\/api.w.org\/{rel}","templated":true}]}}