{"id":1311,"date":"2023-07-05T17:12:49","date_gmt":"2023-07-05T20:12:49","guid":{"rendered":"https:\/\/jupi.pe.leg.br\/v3\/?p=1311"},"modified":"2023-07-05T17:12:49","modified_gmt":"2023-07-05T20:12:49","slug":"requerimento-066-2023","status":"publish","type":"post","link":"https:\/\/jupi.pe.leg.br\/v3\/requerimento-066-2023\/","title":{"rendered":"Requerimento 066\/2023"},"content":{"rendered":"<p>Requeiro ao Exm\u00ba. Prefeito deste munic\u00edpio, Sr. Ant\u00f4nio Marcos Patriota, por interm\u00e9dio das Secretarias Municipais de Infraestrutura e Servi\u00e7os Urbanos e Secretaria das Estradas, Rodagens e Ilumina\u00e7\u00e3o, veemente apelo, no sentido de que seja atendida a solicita\u00e7\u00e3o abaixo mencionada, j\u00e1 apresentada no Requerimento N\u00ba 065\/2002, visando proporcionar maior seguran\u00e7a e comodidade \u00e0s pessoas que necessitam trafegar por essa estrada muito movimentada, que d\u00e1 acesso ao Povoado Col\u00f4nia em todos os hor\u00e1rios, sendo reapresentada atrav\u00e9s do presente pleito:<br \/>\n&#8211; Constru\u00e7\u00e3o de bueira com extens\u00e3o compat\u00edvel ao riacho na Col\u00f4nia de baixo, pr\u00f3ximo a resid\u00eancia do Sr. Zezinho da Col\u00f4nia;<br \/>\n&#8211; Constru\u00e7\u00e3o de passagens molhadas nos respectivos riachos na Col\u00f4nia de baixo, nos seguintes locais:<br \/>\na) Entre a resid\u00eancia do Sr. Agnaldo Jos\u00e9 da Silva (Bai\u00e3o), at\u00e9 a divisa dos lotes dos Srs. Luiz Vitalino da Silva e Zez\u00e9 Neco;<br \/>\nb) Entre a resid\u00eancia do Sr. Leandro Delegado at\u00e9 a divisa com o Sr. Heleno Neco;<\/p>\n","protected":false},"excerpt":{"rendered":"<p>Requeiro ao Exm\u00ba. Prefeito deste munic\u00edpio, Sr. Ant\u00f4nio Marcos Patriota, por interm\u00e9dio das Secretarias Municipais de Infraestrutura e Servi\u00e7os Urbanos e Secretaria das Estradas, Rodagens e Ilumina\u00e7\u00e3o, veemente apelo, no sentido de que seja atendida a solicita\u00e7\u00e3o abaixo mencionada, j\u00e1 <a class=\"leiamais\" href=\"https:\/\/jupi.pe.leg.br\/v3\/requerimento-066-2023\/\">VER MAIS <i class=\"fa-solid fa-chevron-right\"><\/i><\/a><\/p>\n","protected":false},"author":2,"featured_media":0,"comment_status":"open","ping_status":"open","sticky":false,"template":"","format":"standard","meta":{"_acf_changed":false,"footnotes":""},"categories":[23,5],"tags":[],"class_list":["post-1311","post","type-post","status-publish","format-standard","hentry","category-ver_antoniodacolonia","category-vereadores","active"],"acf":[],"_links":{"self":[{"href":"https:\/\/jupi.pe.leg.br\/v3\/wp-json\/wp\/v2\/posts\/1311","targetHints":{"allow":["GET"]}}],"collection":[{"href":"https:\/\/jupi.pe.leg.br\/v3\/wp-json\/wp\/v2\/posts"}],"about":[{"href":"https:\/\/jupi.pe.leg.br\/v3\/wp-json\/wp\/v2\/types\/post"}],"author":[{"embeddable":true,"href":"https:\/\/jupi.pe.leg.br\/v3\/wp-json\/wp\/v2\/users\/2"}],"replies":[{"embeddable":true,"href":"https:\/\/jupi.pe.leg.br\/v3\/wp-json\/wp\/v2\/comments?post=1311"}],"version-history":[{"count":0,"href":"https:\/\/jupi.pe.leg.br\/v3\/wp-json\/wp\/v2\/posts\/1311\/revisions"}],"wp:attachment":[{"href":"https:\/\/jupi.pe.leg.br\/v3\/wp-json\/wp\/v2\/media?parent=1311"}],"wp:term":[{"taxonomy":"category","embeddable":true,"href":"https:\/\/jupi.pe.leg.br\/v3\/wp-json\/wp\/v2\/categories?post=1311"},{"taxonomy":"post_tag","embeddable":true,"href":"https:\/\/jupi.pe.leg.br\/v3\/wp-json\/wp\/v2\/tags?post=1311"}],"curies":[{"name":"wp","href":"https:\/\/api.w.org\/{rel}","templated":true}]}}