{"id":1305,"date":"2023-07-05T17:10:19","date_gmt":"2023-07-05T20:10:19","guid":{"rendered":"https:\/\/jupi.pe.leg.br\/v3\/?p=1305"},"modified":"2023-07-05T17:10:19","modified_gmt":"2023-07-05T20:10:19","slug":"requerimento-061-2023","status":"publish","type":"post","link":"https:\/\/jupi.pe.leg.br\/v3\/requerimento-061-2023\/","title":{"rendered":"Requerimento 061\/2023"},"content":{"rendered":"<p>Requeiro ao Exm\u00ba. Prefeito deste munic\u00edpio, Sr. Ant\u00f4nio Marcos Patriota, por interm\u00e9dio da Secretaria Municipal de Infraestrutura e Servi\u00e7os Urbanos, veemente apelo, no sentido de que seja atendida a solicita\u00e7\u00e3o abaixo mencionada, solicitada verbalmente por moradores da comunidade abaixo mencionada, apresentada atrav\u00e9s do presente pleito:<br \/>\nConstru\u00e7\u00e3o de Cal\u00e7amento nas ruas do Loteamento Alto dos Santos, abaixo mencionadas:<br \/>\nA) Rua Edvaldo Tobias de Andrade &#8211; Pr\u00f3xima a BR 423;<br \/>\nB) Rua Ant\u00f4nio Marcos de Melo &#8211; Em dire\u00e7\u00e3o a ESF e a Creche;<br \/>\nC) \u00daltima rua que desce em dire\u00e7\u00e3o ao Posto Nova Vida;<br \/>\nD) Cinco ruas paralelas \u00e0 \u00faltima rua citada na al\u00ednea anterior;<br \/>\n\u2022 Rua Adriano Patriota<br \/>\n\u2022 Rua Arlindo Prot\u00e3sio de Santana<br \/>\n\u2022 Rua Jos\u00e9 Francisco da Silva Filho<br \/>\n\u2022 Rua Ant\u00f4nio Barros da Silva<br \/>\n\u2022 Rua Jos\u00e9 Freire da Silva<\/p>\n","protected":false},"excerpt":{"rendered":"<p>Requeiro ao Exm\u00ba. Prefeito deste munic\u00edpio, Sr. Ant\u00f4nio Marcos Patriota, por interm\u00e9dio da Secretaria Municipal de Infraestrutura e Servi\u00e7os Urbanos, veemente apelo, no sentido de que seja atendida a solicita\u00e7\u00e3o abaixo mencionada, solicitada verbalmente por moradores da comunidade abaixo mencionada, <a class=\"leiamais\" href=\"https:\/\/jupi.pe.leg.br\/v3\/requerimento-061-2023\/\">VER MAIS <i class=\"fa-solid fa-chevron-right\"><\/i><\/a><\/p>\n","protected":false},"author":2,"featured_media":0,"comment_status":"open","ping_status":"open","sticky":false,"template":"","format":"standard","meta":{"_acf_changed":false,"footnotes":""},"categories":[23,5],"tags":[],"class_list":["post-1305","post","type-post","status-publish","format-standard","hentry","category-ver_antoniodacolonia","category-vereadores","active"],"acf":[],"_links":{"self":[{"href":"https:\/\/jupi.pe.leg.br\/v3\/wp-json\/wp\/v2\/posts\/1305","targetHints":{"allow":["GET"]}}],"collection":[{"href":"https:\/\/jupi.pe.leg.br\/v3\/wp-json\/wp\/v2\/posts"}],"about":[{"href":"https:\/\/jupi.pe.leg.br\/v3\/wp-json\/wp\/v2\/types\/post"}],"author":[{"embeddable":true,"href":"https:\/\/jupi.pe.leg.br\/v3\/wp-json\/wp\/v2\/users\/2"}],"replies":[{"embeddable":true,"href":"https:\/\/jupi.pe.leg.br\/v3\/wp-json\/wp\/v2\/comments?post=1305"}],"version-history":[{"count":0,"href":"https:\/\/jupi.pe.leg.br\/v3\/wp-json\/wp\/v2\/posts\/1305\/revisions"}],"wp:attachment":[{"href":"https:\/\/jupi.pe.leg.br\/v3\/wp-json\/wp\/v2\/media?parent=1305"}],"wp:term":[{"taxonomy":"category","embeddable":true,"href":"https:\/\/jupi.pe.leg.br\/v3\/wp-json\/wp\/v2\/categories?post=1305"},{"taxonomy":"post_tag","embeddable":true,"href":"https:\/\/jupi.pe.leg.br\/v3\/wp-json\/wp\/v2\/tags?post=1305"}],"curies":[{"name":"wp","href":"https:\/\/api.w.org\/{rel}","templated":true}]}}