{"id":1296,"date":"2023-07-05T17:06:43","date_gmt":"2023-07-05T20:06:43","guid":{"rendered":"https:\/\/jupi.pe.leg.br\/v3\/?p=1296"},"modified":"2023-07-05T17:06:43","modified_gmt":"2023-07-05T20:06:43","slug":"requerimento-031-2023","status":"publish","type":"post","link":"https:\/\/jupi.pe.leg.br\/v3\/requerimento-031-2023\/","title":{"rendered":"Requerimento 031\/2023"},"content":{"rendered":"<p>Requeiro ao Exm\u00ba. Prefeito deste munic\u00edpio, Sr. Ant\u00f4nio Marcos Patriota, por interm\u00e9dio da Secretaria Municipal de Sa\u00fade, veemente apelo, no sentido de que seja atendida a solicita\u00e7\u00e3o abaixo mencionada, solicitada atrav\u00e9s do requerimenton n\u00b0055\/2022, sendo reapresentada atrav\u00e9s do presente pleito: Aquisi\u00e7\u00e3o de um computador com impressora, para cada uma das associa\u00e7\u00f5es comunit\u00e1rias deste munic\u00edpio.<\/p>\n","protected":false},"excerpt":{"rendered":"<p>Requeiro ao Exm\u00ba. Prefeito deste munic\u00edpio, Sr. Ant\u00f4nio Marcos Patriota, por interm\u00e9dio da Secretaria Municipal de Sa\u00fade, veemente apelo, no sentido de que seja atendida a solicita\u00e7\u00e3o abaixo mencionada, solicitada atrav\u00e9s do requerimenton n\u00b0055\/2022, sendo reapresentada atrav\u00e9s do presente pleito: <a class=\"leiamais\" href=\"https:\/\/jupi.pe.leg.br\/v3\/requerimento-031-2023\/\">VER MAIS <i class=\"fa-solid fa-chevron-right\"><\/i><\/a><\/p>\n","protected":false},"author":2,"featured_media":0,"comment_status":"open","ping_status":"open","sticky":false,"template":"","format":"standard","meta":{"_acf_changed":false,"footnotes":""},"categories":[23,5],"tags":[],"class_list":["post-1296","post","type-post","status-publish","format-standard","hentry","category-ver_antoniodacolonia","category-vereadores","active"],"acf":[],"_links":{"self":[{"href":"https:\/\/jupi.pe.leg.br\/v3\/wp-json\/wp\/v2\/posts\/1296","targetHints":{"allow":["GET"]}}],"collection":[{"href":"https:\/\/jupi.pe.leg.br\/v3\/wp-json\/wp\/v2\/posts"}],"about":[{"href":"https:\/\/jupi.pe.leg.br\/v3\/wp-json\/wp\/v2\/types\/post"}],"author":[{"embeddable":true,"href":"https:\/\/jupi.pe.leg.br\/v3\/wp-json\/wp\/v2\/users\/2"}],"replies":[{"embeddable":true,"href":"https:\/\/jupi.pe.leg.br\/v3\/wp-json\/wp\/v2\/comments?post=1296"}],"version-history":[{"count":0,"href":"https:\/\/jupi.pe.leg.br\/v3\/wp-json\/wp\/v2\/posts\/1296\/revisions"}],"wp:attachment":[{"href":"https:\/\/jupi.pe.leg.br\/v3\/wp-json\/wp\/v2\/media?parent=1296"}],"wp:term":[{"taxonomy":"category","embeddable":true,"href":"https:\/\/jupi.pe.leg.br\/v3\/wp-json\/wp\/v2\/categories?post=1296"},{"taxonomy":"post_tag","embeddable":true,"href":"https:\/\/jupi.pe.leg.br\/v3\/wp-json\/wp\/v2\/tags?post=1296"}],"curies":[{"name":"wp","href":"https:\/\/api.w.org\/{rel}","templated":true}]}}