{"id":1290,"date":"2023-07-05T17:04:09","date_gmt":"2023-07-05T20:04:09","guid":{"rendered":"https:\/\/jupi.pe.leg.br\/v3\/?p=1290"},"modified":"2023-07-05T17:04:09","modified_gmt":"2023-07-05T20:04:09","slug":"requerimento-021-2023","status":"publish","type":"post","link":"https:\/\/jupi.pe.leg.br\/v3\/requerimento-021-2023\/","title":{"rendered":"Requerimento 021\/2023"},"content":{"rendered":"<p>Requeiro ao Exm\u00ba. Prefeito deste munic\u00edpio, Sr. Ant\u00f4nio Marcos Patriota, por interm\u00e9dio da Secretaria Municipal de Educa\u00e7\u00e3o, veemente apelo, no sentido de que seja atendido o pleito abaixo mencionado, em favor da Comunidade Escolar que comp\u00f5e a Escola Municipal Ant\u00f4nio Lopes de Ara\u00fajo, localizada no S\u00edtio Pau Ferro deste munic\u00edpio. Implanta\u00e7\u00e3o de turmas do 6\u00b0 ao 9\u00b0 ano e da 1\u00aa a 4\u00aa Fases da EJA &#8211; Educa\u00e7\u00e3o de Jovens e adultos do Ensino Fundamenta.<br \/>\nDo presente pleito, d\u00ea-se ci\u00eancia a dire\u00e7\u00e3o da referida Escola e da Associa\u00e7\u00e3o Comunit\u00e1ria local.<\/p>\n","protected":false},"excerpt":{"rendered":"<p>Requeiro ao Exm\u00ba. Prefeito deste munic\u00edpio, Sr. Ant\u00f4nio Marcos Patriota, por interm\u00e9dio da Secretaria Municipal de Educa\u00e7\u00e3o, veemente apelo, no sentido de que seja atendido o pleito abaixo mencionado, em favor da Comunidade Escolar que comp\u00f5e a Escola Municipal Ant\u00f4nio <a class=\"leiamais\" href=\"https:\/\/jupi.pe.leg.br\/v3\/requerimento-021-2023\/\">VER MAIS <i class=\"fa-solid fa-chevron-right\"><\/i><\/a><\/p>\n","protected":false},"author":2,"featured_media":0,"comment_status":"open","ping_status":"open","sticky":false,"template":"","format":"standard","meta":{"_acf_changed":false,"footnotes":""},"categories":[23,5],"tags":[],"class_list":["post-1290","post","type-post","status-publish","format-standard","hentry","category-ver_antoniodacolonia","category-vereadores","active"],"acf":[],"_links":{"self":[{"href":"https:\/\/jupi.pe.leg.br\/v3\/wp-json\/wp\/v2\/posts\/1290","targetHints":{"allow":["GET"]}}],"collection":[{"href":"https:\/\/jupi.pe.leg.br\/v3\/wp-json\/wp\/v2\/posts"}],"about":[{"href":"https:\/\/jupi.pe.leg.br\/v3\/wp-json\/wp\/v2\/types\/post"}],"author":[{"embeddable":true,"href":"https:\/\/jupi.pe.leg.br\/v3\/wp-json\/wp\/v2\/users\/2"}],"replies":[{"embeddable":true,"href":"https:\/\/jupi.pe.leg.br\/v3\/wp-json\/wp\/v2\/comments?post=1290"}],"version-history":[{"count":0,"href":"https:\/\/jupi.pe.leg.br\/v3\/wp-json\/wp\/v2\/posts\/1290\/revisions"}],"wp:attachment":[{"href":"https:\/\/jupi.pe.leg.br\/v3\/wp-json\/wp\/v2\/media?parent=1290"}],"wp:term":[{"taxonomy":"category","embeddable":true,"href":"https:\/\/jupi.pe.leg.br\/v3\/wp-json\/wp\/v2\/categories?post=1290"},{"taxonomy":"post_tag","embeddable":true,"href":"https:\/\/jupi.pe.leg.br\/v3\/wp-json\/wp\/v2\/tags?post=1290"}],"curies":[{"name":"wp","href":"https:\/\/api.w.org\/{rel}","templated":true}]}}