{"id":1287,"date":"2023-07-05T17:02:51","date_gmt":"2023-07-05T20:02:51","guid":{"rendered":"https:\/\/jupi.pe.leg.br\/v3\/?p=1287"},"modified":"2023-07-05T17:02:51","modified_gmt":"2023-07-05T20:02:51","slug":"requerimento-020-2023","status":"publish","type":"post","link":"https:\/\/jupi.pe.leg.br\/v3\/requerimento-020-2023\/","title":{"rendered":"Requerimento 020\/2023"},"content":{"rendered":"<p>Requeiro ao Exm\u00ba. Prefeito deste munic\u00edpio, Sr. Ant\u00f4nio Marcos Patriota, por interm\u00e9dio da Secretaria Municipal de Sa\u00fade, veemente apelo, no sentido de que seja atendido o pleito abaixo mencionado. j\u00e1 solicitado atrav\u00e9s dos Requerimentos n\u00ba 130\/2021, 152\/2021 e 082\/2022:<br \/>\nReajuste no percentual de 100% (cem por cento), no valor das di\u00e2rias dos Servidores Plantonistas do Hospital municipal Claudina Teixeira, efetivos e contratados, considerando as seguintes categorias: m\u00e9dicos, enfermeiros, t\u00e9cnicos de enfermagem e motoristas.Do presente pleito, d\u00e9-se ci\u00eancia a dire\u00e7\u00e3o Secretaria Municipal de Sa\u00fade e \u00e0 dire\u00e7\u00e3o do hospital acima mencionado.<\/p>\n","protected":false},"excerpt":{"rendered":"<p>Requeiro ao Exm\u00ba. Prefeito deste munic\u00edpio, Sr. Ant\u00f4nio Marcos Patriota, por interm\u00e9dio da Secretaria Municipal de Sa\u00fade, veemente apelo, no sentido de que seja atendido o pleito abaixo mencionado. j\u00e1 solicitado atrav\u00e9s dos Requerimentos n\u00ba 130\/2021, 152\/2021 e 082\/2022: Reajuste <a class=\"leiamais\" href=\"https:\/\/jupi.pe.leg.br\/v3\/requerimento-020-2023\/\">VER MAIS <i class=\"fa-solid fa-chevron-right\"><\/i><\/a><\/p>\n","protected":false},"author":2,"featured_media":0,"comment_status":"open","ping_status":"open","sticky":false,"template":"","format":"standard","meta":{"_acf_changed":false,"footnotes":""},"categories":[23,5],"tags":[],"class_list":["post-1287","post","type-post","status-publish","format-standard","hentry","category-ver_antoniodacolonia","category-vereadores","active"],"acf":[],"_links":{"self":[{"href":"https:\/\/jupi.pe.leg.br\/v3\/wp-json\/wp\/v2\/posts\/1287","targetHints":{"allow":["GET"]}}],"collection":[{"href":"https:\/\/jupi.pe.leg.br\/v3\/wp-json\/wp\/v2\/posts"}],"about":[{"href":"https:\/\/jupi.pe.leg.br\/v3\/wp-json\/wp\/v2\/types\/post"}],"author":[{"embeddable":true,"href":"https:\/\/jupi.pe.leg.br\/v3\/wp-json\/wp\/v2\/users\/2"}],"replies":[{"embeddable":true,"href":"https:\/\/jupi.pe.leg.br\/v3\/wp-json\/wp\/v2\/comments?post=1287"}],"version-history":[{"count":0,"href":"https:\/\/jupi.pe.leg.br\/v3\/wp-json\/wp\/v2\/posts\/1287\/revisions"}],"wp:attachment":[{"href":"https:\/\/jupi.pe.leg.br\/v3\/wp-json\/wp\/v2\/media?parent=1287"}],"wp:term":[{"taxonomy":"category","embeddable":true,"href":"https:\/\/jupi.pe.leg.br\/v3\/wp-json\/wp\/v2\/categories?post=1287"},{"taxonomy":"post_tag","embeddable":true,"href":"https:\/\/jupi.pe.leg.br\/v3\/wp-json\/wp\/v2\/tags?post=1287"}],"curies":[{"name":"wp","href":"https:\/\/api.w.org\/{rel}","templated":true}]}}