{"id":1284,"date":"2023-07-05T17:01:31","date_gmt":"2023-07-05T20:01:31","guid":{"rendered":"https:\/\/jupi.pe.leg.br\/v3\/?p=1284"},"modified":"2023-07-05T17:01:31","modified_gmt":"2023-07-05T20:01:31","slug":"requerimento-017-2023","status":"publish","type":"post","link":"https:\/\/jupi.pe.leg.br\/v3\/requerimento-017-2023\/","title":{"rendered":"Requerimento 017\/2023"},"content":{"rendered":"<p>Requeiro ao Exm\u00ba. Prefeito deste munic\u00edpio, Sr. Ant\u00f4nio Marcos Patriota, por interm\u00e9dio da Secretaria Municipal de Educa\u00e7\u00e3o, veemente apelo, no sentido de que seja atendido o pleito abaixo mencionado, j\u00e1 solicitado atrav\u00e9s dos Requerimentos n\u00ba 056\/2021 e 019\/2022:<br \/>\nConstru\u00e7\u00e3o de uma Quadra Poliesportiva na Escola Municipal Ant\u00f4nio Lopes de Ara\u00fajo, situada na comunidade do S\u00edtio Pau Ferro deste munic\u00edpio.<br \/>\nDo presente pleito, d\u00ea-se ci\u00eancia a Associa\u00e7\u00e3o Comunit\u00e1ria e a dire\u00e7\u00e3o da Escola Municipal Ant\u00f4nio Lopes de Ara\u00fajo, situadas na referida localidade.<\/p>\n","protected":false},"excerpt":{"rendered":"<p>Requeiro ao Exm\u00ba. Prefeito deste munic\u00edpio, Sr. Ant\u00f4nio Marcos Patriota, por interm\u00e9dio da Secretaria Municipal de Educa\u00e7\u00e3o, veemente apelo, no sentido de que seja atendido o pleito abaixo mencionado, j\u00e1 solicitado atrav\u00e9s dos Requerimentos n\u00ba 056\/2021 e 019\/2022: Constru\u00e7\u00e3o de <a class=\"leiamais\" href=\"https:\/\/jupi.pe.leg.br\/v3\/requerimento-017-2023\/\">VER MAIS <i class=\"fa-solid fa-chevron-right\"><\/i><\/a><\/p>\n","protected":false},"author":2,"featured_media":0,"comment_status":"open","ping_status":"open","sticky":false,"template":"","format":"standard","meta":{"_acf_changed":false,"footnotes":""},"categories":[23,5],"tags":[],"class_list":["post-1284","post","type-post","status-publish","format-standard","hentry","category-ver_antoniodacolonia","category-vereadores","active"],"acf":[],"_links":{"self":[{"href":"https:\/\/jupi.pe.leg.br\/v3\/wp-json\/wp\/v2\/posts\/1284","targetHints":{"allow":["GET"]}}],"collection":[{"href":"https:\/\/jupi.pe.leg.br\/v3\/wp-json\/wp\/v2\/posts"}],"about":[{"href":"https:\/\/jupi.pe.leg.br\/v3\/wp-json\/wp\/v2\/types\/post"}],"author":[{"embeddable":true,"href":"https:\/\/jupi.pe.leg.br\/v3\/wp-json\/wp\/v2\/users\/2"}],"replies":[{"embeddable":true,"href":"https:\/\/jupi.pe.leg.br\/v3\/wp-json\/wp\/v2\/comments?post=1284"}],"version-history":[{"count":0,"href":"https:\/\/jupi.pe.leg.br\/v3\/wp-json\/wp\/v2\/posts\/1284\/revisions"}],"wp:attachment":[{"href":"https:\/\/jupi.pe.leg.br\/v3\/wp-json\/wp\/v2\/media?parent=1284"}],"wp:term":[{"taxonomy":"category","embeddable":true,"href":"https:\/\/jupi.pe.leg.br\/v3\/wp-json\/wp\/v2\/categories?post=1284"},{"taxonomy":"post_tag","embeddable":true,"href":"https:\/\/jupi.pe.leg.br\/v3\/wp-json\/wp\/v2\/tags?post=1284"}],"curies":[{"name":"wp","href":"https:\/\/api.w.org\/{rel}","templated":true}]}}