{"id":1266,"date":"2023-07-05T16:46:18","date_gmt":"2023-07-05T19:46:18","guid":{"rendered":"https:\/\/jupi.pe.leg.br\/v3\/?p=1266"},"modified":"2023-07-05T16:46:18","modified_gmt":"2023-07-05T19:46:18","slug":"requerimento-078-2023","status":"publish","type":"post","link":"https:\/\/jupi.pe.leg.br\/v3\/requerimento-078-2023\/","title":{"rendered":"Requerimento 078\/2023"},"content":{"rendered":"<p>Requeiro ao Exm\u00ba. Prefeito deste munic\u00edpio, Sr. Ant\u00f4nio Marcos Patriota, por interm\u00e9dio da Secretaria Municipal de Sa\u00fade, veemente apelo, no sentido de que seja encaminhado a esta Casa Legislativa um Projeto de Lei, implementando o Piso Salarial dos Profissionais de Enfermagem, conforme a Emenda Constitucional n\u00ba. 124, de 14 de julho de 2022 e a Lei Federal n\u00ba. 14.434, de 04 de agosto de 2022, justificando tamb\u00e9m a decis\u00e3o proferida pelo STF &#8211; Supremo Tribunal Federal, para libera\u00e7\u00e3o do piso. Ao mesmo tempo que seja adequado a Lei Or\u00e7ament\u00e1ria Anual (LOA), com abertura de cr\u00e9ditos suplementares, tendo em vista os recursos recebidos e a Emenda Constitucional n.127, de 22de dezembro de 2022, para efetuar o pagamento do piso salarial da enfermagem. Desta forma, requeiro ao executivo municipal que haja o cumprimento do que legalmente j\u00e1 foi determinado, objetivando o reconhecimento e a valoriza\u00e7\u00e3o dos profissionais de enfermagem.<\/p>\n","protected":false},"excerpt":{"rendered":"<p>Requeiro ao Exm\u00ba. Prefeito deste munic\u00edpio, Sr. Ant\u00f4nio Marcos Patriota, por interm\u00e9dio da Secretaria Municipal de Sa\u00fade, veemente apelo, no sentido de que seja encaminhado a esta Casa Legislativa um Projeto de Lei, implementando o Piso Salarial dos Profissionais de <a class=\"leiamais\" href=\"https:\/\/jupi.pe.leg.br\/v3\/requerimento-078-2023\/\">VER MAIS <i class=\"fa-solid fa-chevron-right\"><\/i><\/a><\/p>\n","protected":false},"author":2,"featured_media":0,"comment_status":"open","ping_status":"open","sticky":false,"template":"","format":"standard","meta":{"_acf_changed":false,"footnotes":""},"categories":[13,5],"tags":[],"class_list":["post-1266","post","type-post","status-publish","format-standard","hentry","category-ver_toinho","category-vereadores","active"],"acf":[],"_links":{"self":[{"href":"https:\/\/jupi.pe.leg.br\/v3\/wp-json\/wp\/v2\/posts\/1266","targetHints":{"allow":["GET"]}}],"collection":[{"href":"https:\/\/jupi.pe.leg.br\/v3\/wp-json\/wp\/v2\/posts"}],"about":[{"href":"https:\/\/jupi.pe.leg.br\/v3\/wp-json\/wp\/v2\/types\/post"}],"author":[{"embeddable":true,"href":"https:\/\/jupi.pe.leg.br\/v3\/wp-json\/wp\/v2\/users\/2"}],"replies":[{"embeddable":true,"href":"https:\/\/jupi.pe.leg.br\/v3\/wp-json\/wp\/v2\/comments?post=1266"}],"version-history":[{"count":0,"href":"https:\/\/jupi.pe.leg.br\/v3\/wp-json\/wp\/v2\/posts\/1266\/revisions"}],"wp:attachment":[{"href":"https:\/\/jupi.pe.leg.br\/v3\/wp-json\/wp\/v2\/media?parent=1266"}],"wp:term":[{"taxonomy":"category","embeddable":true,"href":"https:\/\/jupi.pe.leg.br\/v3\/wp-json\/wp\/v2\/categories?post=1266"},{"taxonomy":"post_tag","embeddable":true,"href":"https:\/\/jupi.pe.leg.br\/v3\/wp-json\/wp\/v2\/tags?post=1266"}],"curies":[{"name":"wp","href":"https:\/\/api.w.org\/{rel}","templated":true}]}}