{"id":1260,"date":"2023-07-05T16:43:15","date_gmt":"2023-07-05T19:43:15","guid":{"rendered":"https:\/\/jupi.pe.leg.br\/v3\/?p=1260"},"modified":"2023-07-05T16:43:15","modified_gmt":"2023-07-05T19:43:15","slug":"requerimento-060-2023","status":"publish","type":"post","link":"https:\/\/jupi.pe.leg.br\/v3\/requerimento-060-2023\/","title":{"rendered":"Requerimento 060\/2023"},"content":{"rendered":"<p>Requeiro ao Bem\u00ba. Prefeito deste munic\u00edpio, Sr. Ant\u00f4nio Marcos Patriota, por interm\u00e9dio da Secretaria Municipal de Infraestrutura e Servi\u00e7os Urbanos, veemente apelo, no sentido de que o SCFV -Servi\u00e7o de Conviv\u00eancia e Fortalecimento de Vinculo, seja transferido para uma nova edifica\u00e7\u00e3o. e que sejam analisadas as possibilidades de ced\u00eancia do espa\u00e7o a este Poder legislativo, para que sejam implantados uma sala de reuni\u00f5es das Comiss\u00f5es Permanentes e gabinetes para os vereadores, com o objetivo de qualificar o trabalho dos nossos legisladores e o atendimento dos nossos mun\u00edcipes.<\/p>\n","protected":false},"excerpt":{"rendered":"<p>Requeiro ao Bem\u00ba. Prefeito deste munic\u00edpio, Sr. Ant\u00f4nio Marcos Patriota, por interm\u00e9dio da Secretaria Municipal de Infraestrutura e Servi\u00e7os Urbanos, veemente apelo, no sentido de que o SCFV -Servi\u00e7o de Conviv\u00eancia e Fortalecimento de Vinculo, seja transferido para uma nova <a class=\"leiamais\" href=\"https:\/\/jupi.pe.leg.br\/v3\/requerimento-060-2023\/\">VER MAIS <i class=\"fa-solid fa-chevron-right\"><\/i><\/a><\/p>\n","protected":false},"author":2,"featured_media":0,"comment_status":"open","ping_status":"open","sticky":false,"template":"","format":"standard","meta":{"_acf_changed":false,"footnotes":""},"categories":[13,5],"tags":[],"class_list":["post-1260","post","type-post","status-publish","format-standard","hentry","category-ver_toinho","category-vereadores","active"],"acf":[],"_links":{"self":[{"href":"https:\/\/jupi.pe.leg.br\/v3\/wp-json\/wp\/v2\/posts\/1260","targetHints":{"allow":["GET"]}}],"collection":[{"href":"https:\/\/jupi.pe.leg.br\/v3\/wp-json\/wp\/v2\/posts"}],"about":[{"href":"https:\/\/jupi.pe.leg.br\/v3\/wp-json\/wp\/v2\/types\/post"}],"author":[{"embeddable":true,"href":"https:\/\/jupi.pe.leg.br\/v3\/wp-json\/wp\/v2\/users\/2"}],"replies":[{"embeddable":true,"href":"https:\/\/jupi.pe.leg.br\/v3\/wp-json\/wp\/v2\/comments?post=1260"}],"version-history":[{"count":0,"href":"https:\/\/jupi.pe.leg.br\/v3\/wp-json\/wp\/v2\/posts\/1260\/revisions"}],"wp:attachment":[{"href":"https:\/\/jupi.pe.leg.br\/v3\/wp-json\/wp\/v2\/media?parent=1260"}],"wp:term":[{"taxonomy":"category","embeddable":true,"href":"https:\/\/jupi.pe.leg.br\/v3\/wp-json\/wp\/v2\/categories?post=1260"},{"taxonomy":"post_tag","embeddable":true,"href":"https:\/\/jupi.pe.leg.br\/v3\/wp-json\/wp\/v2\/tags?post=1260"}],"curies":[{"name":"wp","href":"https:\/\/api.w.org\/{rel}","templated":true}]}}