{"id":1254,"date":"2023-07-05T16:40:56","date_gmt":"2023-07-05T19:40:56","guid":{"rendered":"https:\/\/jupi.pe.leg.br\/v3\/?p=1254"},"modified":"2023-07-05T16:40:56","modified_gmt":"2023-07-05T19:40:56","slug":"requerimento-058-2023","status":"publish","type":"post","link":"https:\/\/jupi.pe.leg.br\/v3\/requerimento-058-2023\/","title":{"rendered":"Requerimento 058\/2023"},"content":{"rendered":"<p>Requeiro ao Exm\u00ba. Prefeito deste munic\u00edpio, Sr. Ant\u00f4nio Marcos Patriota. veemente apelo. no sentido de que em parceria com os \u00f3rg\u00e3os competentes, seja implantado em car\u00e1ter de urg\u00eancia, um plano de seguran\u00e7a nas escolas do nosso munic\u00edpio, com o objetivo de proteger o ambiente escolar, garantir a seguran\u00e7a e bem-estar a estudantes, professores e demais profissionais da educa\u00e7\u00e3o com a pennan\u00eancia efetiva de seguran\u00e7as devidamente capacitados, amplia\u00e7\u00e3o e intensifica\u00e7\u00e3o do patrulhamento ostensivo e visitas peri\u00f3dicas da Pol\u00edcia Militar.<\/p>\n","protected":false},"excerpt":{"rendered":"<p>Requeiro ao Exm\u00ba. Prefeito deste munic\u00edpio, Sr. Ant\u00f4nio Marcos Patriota. veemente apelo. no sentido de que em parceria com os \u00f3rg\u00e3os competentes, seja implantado em car\u00e1ter de urg\u00eancia, um plano de seguran\u00e7a nas escolas do nosso munic\u00edpio, com o objetivo <a class=\"leiamais\" href=\"https:\/\/jupi.pe.leg.br\/v3\/requerimento-058-2023\/\">VER MAIS <i class=\"fa-solid fa-chevron-right\"><\/i><\/a><\/p>\n","protected":false},"author":2,"featured_media":0,"comment_status":"open","ping_status":"open","sticky":false,"template":"","format":"standard","meta":{"_acf_changed":false,"footnotes":""},"categories":[13,5],"tags":[],"class_list":["post-1254","post","type-post","status-publish","format-standard","hentry","category-ver_toinho","category-vereadores","active"],"acf":[],"_links":{"self":[{"href":"https:\/\/jupi.pe.leg.br\/v3\/wp-json\/wp\/v2\/posts\/1254","targetHints":{"allow":["GET"]}}],"collection":[{"href":"https:\/\/jupi.pe.leg.br\/v3\/wp-json\/wp\/v2\/posts"}],"about":[{"href":"https:\/\/jupi.pe.leg.br\/v3\/wp-json\/wp\/v2\/types\/post"}],"author":[{"embeddable":true,"href":"https:\/\/jupi.pe.leg.br\/v3\/wp-json\/wp\/v2\/users\/2"}],"replies":[{"embeddable":true,"href":"https:\/\/jupi.pe.leg.br\/v3\/wp-json\/wp\/v2\/comments?post=1254"}],"version-history":[{"count":0,"href":"https:\/\/jupi.pe.leg.br\/v3\/wp-json\/wp\/v2\/posts\/1254\/revisions"}],"wp:attachment":[{"href":"https:\/\/jupi.pe.leg.br\/v3\/wp-json\/wp\/v2\/media?parent=1254"}],"wp:term":[{"taxonomy":"category","embeddable":true,"href":"https:\/\/jupi.pe.leg.br\/v3\/wp-json\/wp\/v2\/categories?post=1254"},{"taxonomy":"post_tag","embeddable":true,"href":"https:\/\/jupi.pe.leg.br\/v3\/wp-json\/wp\/v2\/tags?post=1254"}],"curies":[{"name":"wp","href":"https:\/\/api.w.org\/{rel}","templated":true}]}}