{"id":1242,"date":"2023-07-05T16:35:56","date_gmt":"2023-07-05T19:35:56","guid":{"rendered":"https:\/\/jupi.pe.leg.br\/v3\/?p=1242"},"modified":"2023-07-05T16:35:56","modified_gmt":"2023-07-05T19:35:56","slug":"requerimento-025-2023","status":"publish","type":"post","link":"https:\/\/jupi.pe.leg.br\/v3\/requerimento-025-2023\/","title":{"rendered":"Requerimento 025\/2023"},"content":{"rendered":"<p>Requeiro \u00e0 Excelent\u00edssima Governadora do Estado de Pernambuco, Senhora Raquel Teixeira Lyra Lucena, por interm\u00e9dio da secretaria competente,<br \/>\nveemente apelo, no intuito de que seja realizada a execu\u00e7\u00e2o do Projeto de implanta\u00e7\u00e3o asf\u00e1ltica da PE 158, que interliga os munic\u00edpios de Jupi\/PE a Cal\u00e7ado\/PE, que ir\u00e1 beneficiar aproximadamente 30.000 moradores.<br \/>\nDo presente pleito, ap\u00f3s aprova\u00e7\u00e3o em Plen\u00e1rio, que seja dado o devido conhecimento ao Excelent\u00edssimo Deputado Estadual, Sr. Romero Sales Filho.<\/p>\n","protected":false},"excerpt":{"rendered":"<p>Requeiro \u00e0 Excelent\u00edssima Governadora do Estado de Pernambuco, Senhora Raquel Teixeira Lyra Lucena, por interm\u00e9dio da secretaria competente, veemente apelo, no intuito de que seja realizada a execu\u00e7\u00e2o do Projeto de implanta\u00e7\u00e3o asf\u00e1ltica da PE 158, que interliga os munic\u00edpios <a class=\"leiamais\" href=\"https:\/\/jupi.pe.leg.br\/v3\/requerimento-025-2023\/\">VER MAIS <i class=\"fa-solid fa-chevron-right\"><\/i><\/a><\/p>\n","protected":false},"author":2,"featured_media":0,"comment_status":"open","ping_status":"open","sticky":false,"template":"","format":"standard","meta":{"_acf_changed":false,"footnotes":""},"categories":[13,5],"tags":[],"class_list":["post-1242","post","type-post","status-publish","format-standard","hentry","category-ver_toinho","category-vereadores","active"],"acf":[],"_links":{"self":[{"href":"https:\/\/jupi.pe.leg.br\/v3\/wp-json\/wp\/v2\/posts\/1242","targetHints":{"allow":["GET"]}}],"collection":[{"href":"https:\/\/jupi.pe.leg.br\/v3\/wp-json\/wp\/v2\/posts"}],"about":[{"href":"https:\/\/jupi.pe.leg.br\/v3\/wp-json\/wp\/v2\/types\/post"}],"author":[{"embeddable":true,"href":"https:\/\/jupi.pe.leg.br\/v3\/wp-json\/wp\/v2\/users\/2"}],"replies":[{"embeddable":true,"href":"https:\/\/jupi.pe.leg.br\/v3\/wp-json\/wp\/v2\/comments?post=1242"}],"version-history":[{"count":0,"href":"https:\/\/jupi.pe.leg.br\/v3\/wp-json\/wp\/v2\/posts\/1242\/revisions"}],"wp:attachment":[{"href":"https:\/\/jupi.pe.leg.br\/v3\/wp-json\/wp\/v2\/media?parent=1242"}],"wp:term":[{"taxonomy":"category","embeddable":true,"href":"https:\/\/jupi.pe.leg.br\/v3\/wp-json\/wp\/v2\/categories?post=1242"},{"taxonomy":"post_tag","embeddable":true,"href":"https:\/\/jupi.pe.leg.br\/v3\/wp-json\/wp\/v2\/tags?post=1242"}],"curies":[{"name":"wp","href":"https:\/\/api.w.org\/{rel}","templated":true}]}}