{"id":1236,"date":"2023-07-05T16:31:18","date_gmt":"2023-07-05T19:31:18","guid":{"rendered":"https:\/\/jupi.pe.leg.br\/v3\/?p=1236"},"modified":"2023-07-05T16:31:18","modified_gmt":"2023-07-05T19:31:18","slug":"requerimento-001-2023","status":"publish","type":"post","link":"https:\/\/jupi.pe.leg.br\/v3\/requerimento-001-2023\/","title":{"rendered":"Requerimento 001\/2023"},"content":{"rendered":"<p>Requeiro ao Exm\u00ba. Prefeito deste munic\u00edpio, senhor Ant\u00f4nio Marcos Patriota, por interm\u00e9dio da secretaria competente, veemente apelo, no intuito de que sejam realizados os seguintes pleitos na UBS &#8211; Unidade B\u00e1sica de Sa\u00fade, denominada de Jo\u00e3o Monteiro de Freitas, localizada no Povoado Santa Rita, deste Munic\u00edpio, que seguem abaixo relacionados: &#8211; Reforma geral do pr\u00e9dio;<br \/>\n&#8211; Aquisi\u00e7\u00e3o e substitui\u00e7\u00e3o dos equipamentos odontol\u00f3gicos.<\/p>\n","protected":false},"excerpt":{"rendered":"<p>Requeiro ao Exm\u00ba. Prefeito deste munic\u00edpio, senhor Ant\u00f4nio Marcos Patriota, por interm\u00e9dio da secretaria competente, veemente apelo, no intuito de que sejam realizados os seguintes pleitos na UBS &#8211; Unidade B\u00e1sica de Sa\u00fade, denominada de Jo\u00e3o Monteiro de Freitas, localizada <a class=\"leiamais\" href=\"https:\/\/jupi.pe.leg.br\/v3\/requerimento-001-2023\/\">VER MAIS <i class=\"fa-solid fa-chevron-right\"><\/i><\/a><\/p>\n","protected":false},"author":2,"featured_media":0,"comment_status":"open","ping_status":"open","sticky":false,"template":"","format":"standard","meta":{"_acf_changed":false,"footnotes":""},"categories":[13,5],"tags":[],"class_list":["post-1236","post","type-post","status-publish","format-standard","hentry","category-ver_toinho","category-vereadores","active"],"acf":[],"_links":{"self":[{"href":"https:\/\/jupi.pe.leg.br\/v3\/wp-json\/wp\/v2\/posts\/1236","targetHints":{"allow":["GET"]}}],"collection":[{"href":"https:\/\/jupi.pe.leg.br\/v3\/wp-json\/wp\/v2\/posts"}],"about":[{"href":"https:\/\/jupi.pe.leg.br\/v3\/wp-json\/wp\/v2\/types\/post"}],"author":[{"embeddable":true,"href":"https:\/\/jupi.pe.leg.br\/v3\/wp-json\/wp\/v2\/users\/2"}],"replies":[{"embeddable":true,"href":"https:\/\/jupi.pe.leg.br\/v3\/wp-json\/wp\/v2\/comments?post=1236"}],"version-history":[{"count":0,"href":"https:\/\/jupi.pe.leg.br\/v3\/wp-json\/wp\/v2\/posts\/1236\/revisions"}],"wp:attachment":[{"href":"https:\/\/jupi.pe.leg.br\/v3\/wp-json\/wp\/v2\/media?parent=1236"}],"wp:term":[{"taxonomy":"category","embeddable":true,"href":"https:\/\/jupi.pe.leg.br\/v3\/wp-json\/wp\/v2\/categories?post=1236"},{"taxonomy":"post_tag","embeddable":true,"href":"https:\/\/jupi.pe.leg.br\/v3\/wp-json\/wp\/v2\/tags?post=1236"}],"curies":[{"name":"wp","href":"https:\/\/api.w.org\/{rel}","templated":true}]}}