{"id":1230,"date":"2023-07-05T16:27:09","date_gmt":"2023-07-05T19:27:09","guid":{"rendered":"https:\/\/jupi.pe.leg.br\/v3\/?p=1230"},"modified":"2023-07-05T16:27:09","modified_gmt":"2023-07-05T19:27:09","slug":"requerimento-099-2023","status":"publish","type":"post","link":"https:\/\/jupi.pe.leg.br\/v3\/requerimento-099-2023\/","title":{"rendered":"Requerimento 099\/2023"},"content":{"rendered":"<p>Requeiro ao Exm\u00ba. Prefeito deste munic\u00edpio, Sr. Ant\u00f4nio Marcos Patriota, veemente apelo, no sentido de que seja realizada a implanta\u00e7\u00e3o de pavimenta\u00e7\u00e3o asf\u00e2ltica ou paralelep\u00edpedos, nas seguintes estradas deste munic\u00edpio: &#8211; Iniciando \u00e0s margens da BR 423 (proximidades do p\u00e9 de tambor), no S\u00edtio Boi Morto, sentido S\u00edtio Grot\u00e3o, finalizando no S\u00edtio Pau-ferro, nas proximidades da propriedade do Sr. Galego de Rialejo;<br \/>\n&#8211; Iniciando \u00e0s margens da BR 423 (proximidades da propriedade do Sr. Edm\u00edlson Pinheiro Lopes), sentido S\u00edtio Marmeleiro, finalizando nas proximidades da antiga fazenda do Sr. Pedro Saiu (in Memoriam), no S\u00edtio Pau\u00adFerro.<\/p>\n","protected":false},"excerpt":{"rendered":"<p>Requeiro ao Exm\u00ba. Prefeito deste munic\u00edpio, Sr. Ant\u00f4nio Marcos Patriota, veemente apelo, no sentido de que seja realizada a implanta\u00e7\u00e3o de pavimenta\u00e7\u00e3o asf\u00e2ltica ou paralelep\u00edpedos, nas seguintes estradas deste munic\u00edpio: &#8211; Iniciando \u00e0s margens da BR 423 (proximidades do p\u00e9 <a class=\"leiamais\" href=\"https:\/\/jupi.pe.leg.br\/v3\/requerimento-099-2023\/\">VER MAIS <i class=\"fa-solid fa-chevron-right\"><\/i><\/a><\/p>\n","protected":false},"author":2,"featured_media":0,"comment_status":"open","ping_status":"open","sticky":false,"template":"","format":"standard","meta":{"_acf_changed":false,"footnotes":""},"categories":[26,5],"tags":[],"class_list":["post-1230","post","type-post","status-publish","format-standard","hentry","category-fabio-da-raposa","category-vereadores","active"],"acf":[],"_links":{"self":[{"href":"https:\/\/jupi.pe.leg.br\/v3\/wp-json\/wp\/v2\/posts\/1230","targetHints":{"allow":["GET"]}}],"collection":[{"href":"https:\/\/jupi.pe.leg.br\/v3\/wp-json\/wp\/v2\/posts"}],"about":[{"href":"https:\/\/jupi.pe.leg.br\/v3\/wp-json\/wp\/v2\/types\/post"}],"author":[{"embeddable":true,"href":"https:\/\/jupi.pe.leg.br\/v3\/wp-json\/wp\/v2\/users\/2"}],"replies":[{"embeddable":true,"href":"https:\/\/jupi.pe.leg.br\/v3\/wp-json\/wp\/v2\/comments?post=1230"}],"version-history":[{"count":0,"href":"https:\/\/jupi.pe.leg.br\/v3\/wp-json\/wp\/v2\/posts\/1230\/revisions"}],"wp:attachment":[{"href":"https:\/\/jupi.pe.leg.br\/v3\/wp-json\/wp\/v2\/media?parent=1230"}],"wp:term":[{"taxonomy":"category","embeddable":true,"href":"https:\/\/jupi.pe.leg.br\/v3\/wp-json\/wp\/v2\/categories?post=1230"},{"taxonomy":"post_tag","embeddable":true,"href":"https:\/\/jupi.pe.leg.br\/v3\/wp-json\/wp\/v2\/tags?post=1230"}],"curies":[{"name":"wp","href":"https:\/\/api.w.org\/{rel}","templated":true}]}}