{"id":1221,"date":"2023-07-05T16:23:14","date_gmt":"2023-07-05T19:23:14","guid":{"rendered":"https:\/\/jupi.pe.leg.br\/v3\/?p=1221"},"modified":"2023-07-05T16:23:14","modified_gmt":"2023-07-05T19:23:14","slug":"requerimento-081-2023","status":"publish","type":"post","link":"https:\/\/jupi.pe.leg.br\/v3\/requerimento-081-2023\/","title":{"rendered":"Requerimento 081\/2023"},"content":{"rendered":"<p>Requeiro ao Exm\u00ba. Prefeito deste munic\u00edpio, Sr. Ant\u00f4nio Marcos Patriota, possa intervir junto a CELPE &#8211; Companhia Energ\u00e9tica de Pernambuco, os maiores esfor\u00e7os poss\u00edveis, no intuito de que sejam instalados &#8220;religadores autom\u00e1ticos com chip&#8221; em toda rede el\u00e9trica do nosso munic\u00edpio.<\/p>\n","protected":false},"excerpt":{"rendered":"<p>Requeiro ao Exm\u00ba. Prefeito deste munic\u00edpio, Sr. Ant\u00f4nio Marcos Patriota, possa intervir junto a CELPE &#8211; Companhia Energ\u00e9tica de Pernambuco, os maiores esfor\u00e7os poss\u00edveis, no intuito de que sejam instalados &#8220;religadores autom\u00e1ticos com chip&#8221; em toda rede el\u00e9trica do nosso <a class=\"leiamais\" href=\"https:\/\/jupi.pe.leg.br\/v3\/requerimento-081-2023\/\">VER MAIS <i class=\"fa-solid fa-chevron-right\"><\/i><\/a><\/p>\n","protected":false},"author":2,"featured_media":0,"comment_status":"open","ping_status":"open","sticky":false,"template":"","format":"standard","meta":{"_acf_changed":false,"footnotes":""},"categories":[26,5],"tags":[],"class_list":["post-1221","post","type-post","status-publish","format-standard","hentry","category-fabio-da-raposa","category-vereadores","active"],"acf":[],"_links":{"self":[{"href":"https:\/\/jupi.pe.leg.br\/v3\/wp-json\/wp\/v2\/posts\/1221","targetHints":{"allow":["GET"]}}],"collection":[{"href":"https:\/\/jupi.pe.leg.br\/v3\/wp-json\/wp\/v2\/posts"}],"about":[{"href":"https:\/\/jupi.pe.leg.br\/v3\/wp-json\/wp\/v2\/types\/post"}],"author":[{"embeddable":true,"href":"https:\/\/jupi.pe.leg.br\/v3\/wp-json\/wp\/v2\/users\/2"}],"replies":[{"embeddable":true,"href":"https:\/\/jupi.pe.leg.br\/v3\/wp-json\/wp\/v2\/comments?post=1221"}],"version-history":[{"count":0,"href":"https:\/\/jupi.pe.leg.br\/v3\/wp-json\/wp\/v2\/posts\/1221\/revisions"}],"wp:attachment":[{"href":"https:\/\/jupi.pe.leg.br\/v3\/wp-json\/wp\/v2\/media?parent=1221"}],"wp:term":[{"taxonomy":"category","embeddable":true,"href":"https:\/\/jupi.pe.leg.br\/v3\/wp-json\/wp\/v2\/categories?post=1221"},{"taxonomy":"post_tag","embeddable":true,"href":"https:\/\/jupi.pe.leg.br\/v3\/wp-json\/wp\/v2\/tags?post=1221"}],"curies":[{"name":"wp","href":"https:\/\/api.w.org\/{rel}","templated":true}]}}