{"id":1217,"date":"2023-07-05T16:22:09","date_gmt":"2023-07-05T19:22:09","guid":{"rendered":"https:\/\/jupi.pe.leg.br\/v3\/?p=1217"},"modified":"2023-07-05T16:22:09","modified_gmt":"2023-07-05T19:22:09","slug":"requerimento-080-2023","status":"publish","type":"post","link":"https:\/\/jupi.pe.leg.br\/v3\/requerimento-080-2023\/","title":{"rendered":"Requerimento 080\/2023"},"content":{"rendered":"<p>Requeiro ao Exm\u00ba. Prefeito deste munic\u00edpio, Sr. Ant\u00f4nio Marcos Patriota, por interm\u00e9dio da Secretaria Municipal de Sa\u00fade, no intuito de que seja designada a equipe do Programa &#8220;Sa\u00fade na Comunidade&#8221;, para realizar atendimentos m\u00e9dicos nas Associa\u00e7\u00f5es Rurais abaixo relacionadas: &#8211; Associa\u00e7\u00e3o do S\u00edtio Barro Vermelho e comunidades circunvizinhas;<br \/>\n&#8211; Associa\u00e7\u00e3o do S\u00edtio Grot\u00e3o, denominada de &#8220;Grot\u00e3o Mulheres&#8221; e comunidades circunvizinhas.<\/p>\n","protected":false},"excerpt":{"rendered":"<p>Requeiro ao Exm\u00ba. Prefeito deste munic\u00edpio, Sr. Ant\u00f4nio Marcos Patriota, por interm\u00e9dio da Secretaria Municipal de Sa\u00fade, no intuito de que seja designada a equipe do Programa &#8220;Sa\u00fade na Comunidade&#8221;, para realizar atendimentos m\u00e9dicos nas Associa\u00e7\u00f5es Rurais abaixo relacionadas: &#8211; <a class=\"leiamais\" href=\"https:\/\/jupi.pe.leg.br\/v3\/requerimento-080-2023\/\">VER MAIS <i class=\"fa-solid fa-chevron-right\"><\/i><\/a><\/p>\n","protected":false},"author":2,"featured_media":0,"comment_status":"open","ping_status":"open","sticky":false,"template":"","format":"standard","meta":{"_acf_changed":false,"footnotes":""},"categories":[26,5],"tags":[],"class_list":["post-1217","post","type-post","status-publish","format-standard","hentry","category-fabio-da-raposa","category-vereadores","active"],"acf":[],"_links":{"self":[{"href":"https:\/\/jupi.pe.leg.br\/v3\/wp-json\/wp\/v2\/posts\/1217","targetHints":{"allow":["GET"]}}],"collection":[{"href":"https:\/\/jupi.pe.leg.br\/v3\/wp-json\/wp\/v2\/posts"}],"about":[{"href":"https:\/\/jupi.pe.leg.br\/v3\/wp-json\/wp\/v2\/types\/post"}],"author":[{"embeddable":true,"href":"https:\/\/jupi.pe.leg.br\/v3\/wp-json\/wp\/v2\/users\/2"}],"replies":[{"embeddable":true,"href":"https:\/\/jupi.pe.leg.br\/v3\/wp-json\/wp\/v2\/comments?post=1217"}],"version-history":[{"count":0,"href":"https:\/\/jupi.pe.leg.br\/v3\/wp-json\/wp\/v2\/posts\/1217\/revisions"}],"wp:attachment":[{"href":"https:\/\/jupi.pe.leg.br\/v3\/wp-json\/wp\/v2\/media?parent=1217"}],"wp:term":[{"taxonomy":"category","embeddable":true,"href":"https:\/\/jupi.pe.leg.br\/v3\/wp-json\/wp\/v2\/categories?post=1217"},{"taxonomy":"post_tag","embeddable":true,"href":"https:\/\/jupi.pe.leg.br\/v3\/wp-json\/wp\/v2\/tags?post=1217"}],"curies":[{"name":"wp","href":"https:\/\/api.w.org\/{rel}","templated":true}]}}