{"id":1213,"date":"2023-07-05T16:20:52","date_gmt":"2023-07-05T19:20:52","guid":{"rendered":"https:\/\/jupi.pe.leg.br\/v3\/?p=1213"},"modified":"2023-07-05T16:20:52","modified_gmt":"2023-07-05T19:20:52","slug":"requerimento-073-2023","status":"publish","type":"post","link":"https:\/\/jupi.pe.leg.br\/v3\/requerimento-073-2023\/","title":{"rendered":"Requerimento 073\/2023"},"content":{"rendered":"<p>Requeiro ao Exm\u00ba. Prefeito deste munic\u00edpio, Sr. Ant\u00f4nio Marcos Patriota, por interm\u00e9dio das Secretarias Municipais de Agricultura, Desenvolvimento Econ\u00f4mico e Meio Ambiente e Infraestrutura e Servi\u00e7os Urbanos, os seguintes pleitos: &#8211; Complementa\u00e7\u00e3o do Sistema Simplificado de canaliza\u00e7\u00e3o de \u00e1gua nos S\u00edtios; Minas e Rio da Chata (Ambas localidades situadas nas proximidades da propriedade do Senhor Ant\u00f4nio lvaldo de Ara\u00fajo;<br \/>\n&#8211; Constru\u00e7\u00e3o de banheiros, vesti\u00e1rios e bancos de reservas, nos campos de futebol amador do munic\u00edpio onde n\u00e3o existam estas estruturas.<\/p>\n","protected":false},"excerpt":{"rendered":"<p>Requeiro ao Exm\u00ba. Prefeito deste munic\u00edpio, Sr. Ant\u00f4nio Marcos Patriota, por interm\u00e9dio das Secretarias Municipais de Agricultura, Desenvolvimento Econ\u00f4mico e Meio Ambiente e Infraestrutura e Servi\u00e7os Urbanos, os seguintes pleitos: &#8211; Complementa\u00e7\u00e3o do Sistema Simplificado de canaliza\u00e7\u00e3o de \u00e1gua nos <a class=\"leiamais\" href=\"https:\/\/jupi.pe.leg.br\/v3\/requerimento-073-2023\/\">VER MAIS <i class=\"fa-solid fa-chevron-right\"><\/i><\/a><\/p>\n","protected":false},"author":2,"featured_media":0,"comment_status":"open","ping_status":"open","sticky":false,"template":"","format":"standard","meta":{"_acf_changed":false,"footnotes":""},"categories":[26,5],"tags":[],"class_list":["post-1213","post","type-post","status-publish","format-standard","hentry","category-fabio-da-raposa","category-vereadores","active"],"acf":[],"_links":{"self":[{"href":"https:\/\/jupi.pe.leg.br\/v3\/wp-json\/wp\/v2\/posts\/1213","targetHints":{"allow":["GET"]}}],"collection":[{"href":"https:\/\/jupi.pe.leg.br\/v3\/wp-json\/wp\/v2\/posts"}],"about":[{"href":"https:\/\/jupi.pe.leg.br\/v3\/wp-json\/wp\/v2\/types\/post"}],"author":[{"embeddable":true,"href":"https:\/\/jupi.pe.leg.br\/v3\/wp-json\/wp\/v2\/users\/2"}],"replies":[{"embeddable":true,"href":"https:\/\/jupi.pe.leg.br\/v3\/wp-json\/wp\/v2\/comments?post=1213"}],"version-history":[{"count":0,"href":"https:\/\/jupi.pe.leg.br\/v3\/wp-json\/wp\/v2\/posts\/1213\/revisions"}],"wp:attachment":[{"href":"https:\/\/jupi.pe.leg.br\/v3\/wp-json\/wp\/v2\/media?parent=1213"}],"wp:term":[{"taxonomy":"category","embeddable":true,"href":"https:\/\/jupi.pe.leg.br\/v3\/wp-json\/wp\/v2\/categories?post=1213"},{"taxonomy":"post_tag","embeddable":true,"href":"https:\/\/jupi.pe.leg.br\/v3\/wp-json\/wp\/v2\/tags?post=1213"}],"curies":[{"name":"wp","href":"https:\/\/api.w.org\/{rel}","templated":true}]}}