{"id":1210,"date":"2023-07-05T16:14:24","date_gmt":"2023-07-05T19:14:24","guid":{"rendered":"https:\/\/jupi.pe.leg.br\/v3\/?p=1210"},"modified":"2023-07-05T16:14:24","modified_gmt":"2023-07-05T19:14:24","slug":"requerimento-072-2023","status":"publish","type":"post","link":"https:\/\/jupi.pe.leg.br\/v3\/requerimento-072-2023\/","title":{"rendered":"Requerimento 072\/2023"},"content":{"rendered":"<p>Requeiro ao Exm\u00ba. Prefeito deste munic\u00edpio, Sr. Ant\u00f4nio Marcos Patriota, por interm\u00e9dio da Secretaria Municipal de Infraestrutura e Servi\u00e7os Urbanos, veemente apelo, no intuito de que seja realizada em car\u00e1ter de urg\u00eancia a recupera\u00e7\u00e3o das estradas deste munic\u00edpio, conforme abaixo relacionadas: &#8211; S\u00edtio Raposa (Nas proximidades da propriedade da Sra. D\u00e9bora Batista);<br \/>\n&#8211; S\u00edtio V\u00e1rzea Comprida (Nas proximidades da propriedade do Sr. Vav\u00e1 Ferreira);<br \/>\n&#8211; S\u00edtio Boi Morto (\u00c0s margens da BR 423);<br \/>\n&#8211; S\u00edtio Minas (Nas proximidades da propriedade da Sra. Rosa Lopes);<br \/>\n&#8211; S\u00edtio Barro Vermelho (Estrada que d\u00e1 acesso ao Alto dos Dami\u00e3o\/S\u00edtio Raposa);<br \/>\n&#8211; Estrada Principal (Interliga\u00e7\u00e3o da cidade de Jupi ao S\u00edtio Raposa).<\/p>\n","protected":false},"excerpt":{"rendered":"<p>Requeiro ao Exm\u00ba. Prefeito deste munic\u00edpio, Sr. Ant\u00f4nio Marcos Patriota, por interm\u00e9dio da Secretaria Municipal de Infraestrutura e Servi\u00e7os Urbanos, veemente apelo, no intuito de que seja realizada em car\u00e1ter de urg\u00eancia a recupera\u00e7\u00e3o das estradas deste munic\u00edpio, conforme abaixo <a class=\"leiamais\" href=\"https:\/\/jupi.pe.leg.br\/v3\/requerimento-072-2023\/\">VER MAIS <i class=\"fa-solid fa-chevron-right\"><\/i><\/a><\/p>\n","protected":false},"author":2,"featured_media":0,"comment_status":"open","ping_status":"open","sticky":false,"template":"","format":"standard","meta":{"_acf_changed":false,"footnotes":""},"categories":[26,5],"tags":[],"class_list":["post-1210","post","type-post","status-publish","format-standard","hentry","category-fabio-da-raposa","category-vereadores","active"],"acf":[],"_links":{"self":[{"href":"https:\/\/jupi.pe.leg.br\/v3\/wp-json\/wp\/v2\/posts\/1210","targetHints":{"allow":["GET"]}}],"collection":[{"href":"https:\/\/jupi.pe.leg.br\/v3\/wp-json\/wp\/v2\/posts"}],"about":[{"href":"https:\/\/jupi.pe.leg.br\/v3\/wp-json\/wp\/v2\/types\/post"}],"author":[{"embeddable":true,"href":"https:\/\/jupi.pe.leg.br\/v3\/wp-json\/wp\/v2\/users\/2"}],"replies":[{"embeddable":true,"href":"https:\/\/jupi.pe.leg.br\/v3\/wp-json\/wp\/v2\/comments?post=1210"}],"version-history":[{"count":0,"href":"https:\/\/jupi.pe.leg.br\/v3\/wp-json\/wp\/v2\/posts\/1210\/revisions"}],"wp:attachment":[{"href":"https:\/\/jupi.pe.leg.br\/v3\/wp-json\/wp\/v2\/media?parent=1210"}],"wp:term":[{"taxonomy":"category","embeddable":true,"href":"https:\/\/jupi.pe.leg.br\/v3\/wp-json\/wp\/v2\/categories?post=1210"},{"taxonomy":"post_tag","embeddable":true,"href":"https:\/\/jupi.pe.leg.br\/v3\/wp-json\/wp\/v2\/tags?post=1210"}],"curies":[{"name":"wp","href":"https:\/\/api.w.org\/{rel}","templated":true}]}}