{"id":1181,"date":"2023-07-05T15:42:31","date_gmt":"2023-07-05T18:42:31","guid":{"rendered":"https:\/\/jupi.pe.leg.br\/v3\/?p=1181"},"modified":"2023-07-05T15:42:31","modified_gmt":"2023-07-05T18:42:31","slug":"requerimento-014-2023","status":"publish","type":"post","link":"https:\/\/jupi.pe.leg.br\/v3\/requerimento-014-2023\/","title":{"rendered":"Requerimento 014\/2023"},"content":{"rendered":"<p>Requeiro ao llm\u00ba. Fiscal T\u00e9cnico da FUNASA-Recife\/PE, Sr. Jamesson Ferreira Lima, veemente apelo, no sentido de que seja realizado um levantamento das fam\u00edlias de baixa renda, que se enquadram no beneficiamento do projeto de constru\u00e7\u00e3o de cisternas de primeira \u00e0gua, na zona rural do nosso munic\u00edpio, com capacidade de armazenar 16.000lts de \u00e1gua.<\/p>\n","protected":false},"excerpt":{"rendered":"<p>Requeiro ao llm\u00ba. Fiscal T\u00e9cnico da FUNASA-Recife\/PE, Sr. Jamesson Ferreira Lima, veemente apelo, no sentido de que seja realizado um levantamento das fam\u00edlias de baixa renda, que se enquadram no beneficiamento do projeto de constru\u00e7\u00e3o de cisternas de primeira \u00e0gua, <a class=\"leiamais\" href=\"https:\/\/jupi.pe.leg.br\/v3\/requerimento-014-2023\/\">VER MAIS <i class=\"fa-solid fa-chevron-right\"><\/i><\/a><\/p>\n","protected":false},"author":2,"featured_media":0,"comment_status":"open","ping_status":"open","sticky":false,"template":"","format":"standard","meta":{"_acf_changed":false,"footnotes":""},"categories":[26,5],"tags":[],"class_list":["post-1181","post","type-post","status-publish","format-standard","hentry","category-fabio-da-raposa","category-vereadores","active"],"acf":[],"_links":{"self":[{"href":"https:\/\/jupi.pe.leg.br\/v3\/wp-json\/wp\/v2\/posts\/1181","targetHints":{"allow":["GET"]}}],"collection":[{"href":"https:\/\/jupi.pe.leg.br\/v3\/wp-json\/wp\/v2\/posts"}],"about":[{"href":"https:\/\/jupi.pe.leg.br\/v3\/wp-json\/wp\/v2\/types\/post"}],"author":[{"embeddable":true,"href":"https:\/\/jupi.pe.leg.br\/v3\/wp-json\/wp\/v2\/users\/2"}],"replies":[{"embeddable":true,"href":"https:\/\/jupi.pe.leg.br\/v3\/wp-json\/wp\/v2\/comments?post=1181"}],"version-history":[{"count":0,"href":"https:\/\/jupi.pe.leg.br\/v3\/wp-json\/wp\/v2\/posts\/1181\/revisions"}],"wp:attachment":[{"href":"https:\/\/jupi.pe.leg.br\/v3\/wp-json\/wp\/v2\/media?parent=1181"}],"wp:term":[{"taxonomy":"category","embeddable":true,"href":"https:\/\/jupi.pe.leg.br\/v3\/wp-json\/wp\/v2\/categories?post=1181"},{"taxonomy":"post_tag","embeddable":true,"href":"https:\/\/jupi.pe.leg.br\/v3\/wp-json\/wp\/v2\/tags?post=1181"}],"curies":[{"name":"wp","href":"https:\/\/api.w.org\/{rel}","templated":true}]}}