{"id":1178,"date":"2023-07-05T15:38:34","date_gmt":"2023-07-05T18:38:34","guid":{"rendered":"https:\/\/jupi.pe.leg.br\/v3\/?p=1178"},"modified":"2023-07-05T15:38:34","modified_gmt":"2023-07-05T18:38:34","slug":"requerimento-013-2023","status":"publish","type":"post","link":"https:\/\/jupi.pe.leg.br\/v3\/requerimento-013-2023\/","title":{"rendered":"Requerimento 013\/2023"},"content":{"rendered":"<p>Requeiro ao Exm\u00ba. Prefeito deste munic\u00edpio, Sr. Ant\u00f4nio Marcos Patriota, por interm\u00e9dio da Secretaria Municipal de Educa\u00e7\u00e3o, Cultura, Esporte, Turismo e Lazer, veemente apelo, no sentido de que seja realizada uma inspe\u00e7\u00e3o em regime de urg\u00eancia antes do in\u00edcio das atividades letivas, na Escola Municipal Ant\u00f4nio Lopes de Ara\u00fajo, rec\u00e9m constru\u00edda, localizada no S\u00edtio Pau-Ferro, deste munic\u00edpio, a qual necessita de alguns ajustes para ficar em plena condi\u00e7\u00f5es de funcionamento.<\/p>\n","protected":false},"excerpt":{"rendered":"<p>Requeiro ao Exm\u00ba. Prefeito deste munic\u00edpio, Sr. Ant\u00f4nio Marcos Patriota, por interm\u00e9dio da Secretaria Municipal de Educa\u00e7\u00e3o, Cultura, Esporte, Turismo e Lazer, veemente apelo, no sentido de que seja realizada uma inspe\u00e7\u00e3o em regime de urg\u00eancia antes do in\u00edcio das <a class=\"leiamais\" href=\"https:\/\/jupi.pe.leg.br\/v3\/requerimento-013-2023\/\">VER MAIS <i class=\"fa-solid fa-chevron-right\"><\/i><\/a><\/p>\n","protected":false},"author":2,"featured_media":0,"comment_status":"open","ping_status":"open","sticky":false,"template":"","format":"standard","meta":{"_acf_changed":false,"footnotes":""},"categories":[26,5],"tags":[],"class_list":["post-1178","post","type-post","status-publish","format-standard","hentry","category-fabio-da-raposa","category-vereadores","active"],"acf":[],"_links":{"self":[{"href":"https:\/\/jupi.pe.leg.br\/v3\/wp-json\/wp\/v2\/posts\/1178","targetHints":{"allow":["GET"]}}],"collection":[{"href":"https:\/\/jupi.pe.leg.br\/v3\/wp-json\/wp\/v2\/posts"}],"about":[{"href":"https:\/\/jupi.pe.leg.br\/v3\/wp-json\/wp\/v2\/types\/post"}],"author":[{"embeddable":true,"href":"https:\/\/jupi.pe.leg.br\/v3\/wp-json\/wp\/v2\/users\/2"}],"replies":[{"embeddable":true,"href":"https:\/\/jupi.pe.leg.br\/v3\/wp-json\/wp\/v2\/comments?post=1178"}],"version-history":[{"count":0,"href":"https:\/\/jupi.pe.leg.br\/v3\/wp-json\/wp\/v2\/posts\/1178\/revisions"}],"wp:attachment":[{"href":"https:\/\/jupi.pe.leg.br\/v3\/wp-json\/wp\/v2\/media?parent=1178"}],"wp:term":[{"taxonomy":"category","embeddable":true,"href":"https:\/\/jupi.pe.leg.br\/v3\/wp-json\/wp\/v2\/categories?post=1178"},{"taxonomy":"post_tag","embeddable":true,"href":"https:\/\/jupi.pe.leg.br\/v3\/wp-json\/wp\/v2\/tags?post=1178"}],"curies":[{"name":"wp","href":"https:\/\/api.w.org\/{rel}","templated":true}]}}